{"id":9989,"date":"2013-06-05T20:12:05","date_gmt":"2013-06-05T19:12:05","guid":{"rendered":"http:\/\/www.anthealein.de\/?p=9989"},"modified":"2013-06-05T20:12:05","modified_gmt":"2013-06-05T19:12:05","slug":"hin-und-her","status":"publish","type":"post","link":"https:\/\/www.anthealein.de\/?p=9989","title":{"rendered":"Hin und her &hellip;"},"content":{"rendered":"<p align=\"justify\">\u2026 ging es heute. Morgens (Chris musste arbeiten) die Kinder weg gebracht und schnell zur Arbeit. Nach der Arbeit Jana eingesammelt, Lena eingesammelt, zu Hause schnell Biskuitteig gebacken und schon mussten wir wieder los. <\/p>\n<p align=\"justify\">Die Kinder lie\u00df ich bei Dunse, w\u00e4hrend ich schnell zu Aldi r\u00fcber ging, zu Edeka fuhr und meinen Einkauf zu Hause im K\u00fchlschrank unterbrachte. 3 Minuten zu sp\u00e4t traf ich bei der Tanzschule wieder ein und mittlerweile hatten beide M\u00e4dchen beschlossen, das sie bei den 5-6j\u00e4hrigen doch mittanzen k\u00f6nnten und Jana wollte eh noch bis zu dem Kurs ihrer Altersgruppe da bleiben. Also ging ich noch mal \u00fcber die Stra\u00dfe \u2013 diesmal zu Combi \u2013 um die letzten Reste einzukaufen und entf\u00fchrte danach doch Lena, weil ich zu Hause den Kuchen noch fertig machen musste. Jana blieb da, tanzte weiter bei den Kleinen mit und lie\u00df sich um kurz vor 18 Uhr von Chris abholen. <\/p>\n<p align=\"justify\">Nun kann das Geburtstagsfr\u00fchst\u00fcck morgen kommen <img decoding=\"async\" style=\"border-bottom-style: none; border-left-style: none; border-top-style: none; border-right-style: none\" class=\"wlEmoticon wlEmoticon-smile\" alt=\"Smiley\" src=\"http:\/\/www.anthealein.de\/wp-content\/uploads\/2013\/06\/wlEmoticon-smile.png\" \/> . Und das Sommerfest auch (erinnert mich das n\u00e4chste Mal, das ich keinen Kuchen backe daf\u00fcr).<\/p>\n<p align=\"justify\">&#160;<\/p>\n<p align=\"center\"><a href=\"http:\/\/www.anthealein.de\/wp-content\/uploads\/2013\/06\/05062013.jpg\"><img loading=\"lazy\" decoding=\"async\" style=\"background-image: none; border-bottom: 0px; border-left: 0px; padding-left: 0px; padding-right: 0px; display: inline; border-top: 0px; border-right: 0px; padding-top: 0px\" title=\"05062013\" border=\"0\" alt=\"05062013\" src=\"http:\/\/www.anthealein.de\/wp-content\/uploads\/2013\/06\/05062013_thumb.jpg\" width=\"504\" height=\"504\" \/><\/a><\/p>\n","protected":false},"excerpt":{"rendered":"<p>\u2026 ging es heute. Morgens (Chris musste arbeiten) die Kinder weg gebracht und schnell zur Arbeit. Nach der Arbeit Jana eingesammelt, Lena eingesammelt, zu Hause schnell Biskuitteig gebacken und schon mussten wir wieder los. Die Kinder lie\u00df ich bei Dunse, w\u00e4hrend ich schnell zu Aldi r\u00fcber ging, zu Edeka fuhr und meinen Einkauf zu Hause [&hellip;]<\/p>\n","protected":false},"author":1,"featured_media":0,"comment_status":"open","ping_status":"open","sticky":false,"template":"","format":"standard","meta":{"footnotes":""},"categories":[3],"tags":[],"class_list":["post-9989","post","type-post","status-publish","format-standard","hentry","category-alles-mogliche"],"_links":{"self":[{"href":"https:\/\/www.anthealein.de\/index.php?rest_route=\/wp\/v2\/posts\/9989","targetHints":{"allow":["GET"]}}],"collection":[{"href":"https:\/\/www.anthealein.de\/index.php?rest_route=\/wp\/v2\/posts"}],"about":[{"href":"https:\/\/www.anthealein.de\/index.php?rest_route=\/wp\/v2\/types\/post"}],"author":[{"embeddable":true,"href":"https:\/\/www.anthealein.de\/index.php?rest_route=\/wp\/v2\/users\/1"}],"replies":[{"embeddable":true,"href":"https:\/\/www.anthealein.de\/index.php?rest_route=%2Fwp%2Fv2%2Fcomments&post=9989"}],"version-history":[{"count":0,"href":"https:\/\/www.anthealein.de\/index.php?rest_route=\/wp\/v2\/posts\/9989\/revisions"}],"wp:attachment":[{"href":"https:\/\/www.anthealein.de\/index.php?rest_route=%2Fwp%2Fv2%2Fmedia&parent=9989"}],"wp:term":[{"taxonomy":"category","embeddable":true,"href":"https:\/\/www.anthealein.de\/index.php?rest_route=%2Fwp%2Fv2%2Fcategories&post=9989"},{"taxonomy":"post_tag","embeddable":true,"href":"https:\/\/www.anthealein.de\/index.php?rest_route=%2Fwp%2Fv2%2Ftags&post=9989"}],"curies":[{"name":"wp","href":"https:\/\/api.w.org\/{rel}","templated":true}]}}