{"id":9952,"date":"2013-05-30T20:22:48","date_gmt":"2013-05-30T19:22:48","guid":{"rendered":"http:\/\/www.anthealein.de\/?p=9952"},"modified":"2013-05-30T20:22:49","modified_gmt":"2013-05-30T19:22:49","slug":"zum-zahnarzt","status":"publish","type":"post","link":"https:\/\/www.anthealein.de\/?p=9952","title":{"rendered":"Zum Zahnarzt &hellip;"},"content":{"rendered":"<p align=\"justify\">\u2026 darf Siggi morgen mit Jana fahren. Um kurz vor 11 Uhr bekam ich heute Vormittag auf der Arbeit einen Anruf von der Schule, das Jana abgeholt werden m\u00fcsse. Die Beule am Kinn (der Kopf einer Erstkl\u00e4sslerin war h\u00e4rter als ihr Kinn) stellte sich nach viel k\u00fchlen zu Hause als nicht ganz so schlimm wie zuerst gedacht heraus, aber einer der Milchz\u00e4hne wackelt. Vorsichtshalber rief ich dann doch mal die Zahnarztpraxis an und statt wie erwartet zu h\u00f6ren das es halb so wild w\u00e4re (da Milchzahn), bestellte uns die Sprechstundenhilfe zu morgen in die Praxis. <\/p>\n<p align=\"justify\">Tanzen lie\u00dfen wir also heute ausfallen, wir fuhren nur schnell nach der Krankengymnastik noch im Botanischen Garten und bei Edeka vorbei. <\/p>\n<p align=\"justify\">&#160;<\/p>\n<p align=\"center\"><a href=\"http:\/\/www.anthealein.de\/wp-content\/uploads\/2013\/05\/30052013.jpg\"><img loading=\"lazy\" decoding=\"async\" style=\"background-image: none; border-bottom: 0px; border-left: 0px; padding-left: 0px; padding-right: 0px; display: inline; border-top: 0px; border-right: 0px; padding-top: 0px\" title=\"30052013\" border=\"0\" alt=\"30052013\" src=\"http:\/\/www.anthealein.de\/wp-content\/uploads\/2013\/05\/30052013_thumb.jpg\" width=\"504\" height=\"504\" \/><\/a><\/p>\n<p align=\"center\">&#160;<\/p>\n<p align=\"center\"><a href=\"http:\/\/www.anthealein.de\/wp-content\/uploads\/2013\/05\/30052013II.jpg\"><img loading=\"lazy\" decoding=\"async\" style=\"background-image: none; border-bottom: 0px; border-left: 0px; padding-left: 0px; padding-right: 0px; display: inline; border-top: 0px; border-right: 0px; padding-top: 0px\" title=\"30052013II\" border=\"0\" alt=\"30052013II\" src=\"http:\/\/www.anthealein.de\/wp-content\/uploads\/2013\/05\/30052013II_thumb.jpg\" width=\"504\" height=\"504\" \/><\/a><\/p>\n<p align=\"center\">&#160;<\/p>\n<p align=\"center\"><a href=\"http:\/\/www.anthealein.de\/wp-content\/uploads\/2013\/05\/30052013III.jpg\"><img loading=\"lazy\" decoding=\"async\" style=\"background-image: none; border-bottom: 0px; border-left: 0px; padding-left: 0px; padding-right: 0px; display: inline; border-top: 0px; border-right: 0px; padding-top: 0px\" title=\"30052013III\" border=\"0\" alt=\"30052013III\" src=\"http:\/\/www.anthealein.de\/wp-content\/uploads\/2013\/05\/30052013III_thumb.jpg\" width=\"504\" height=\"504\" \/><\/a><\/p>\n","protected":false},"excerpt":{"rendered":"<p>\u2026 darf Siggi morgen mit Jana fahren. Um kurz vor 11 Uhr bekam ich heute Vormittag auf der Arbeit einen Anruf von der Schule, das Jana abgeholt werden m\u00fcsse. Die Beule am Kinn (der Kopf einer Erstkl\u00e4sslerin war h\u00e4rter als ihr Kinn) stellte sich nach viel k\u00fchlen zu Hause als nicht ganz so schlimm wie [&hellip;]<\/p>\n","protected":false},"author":1,"featured_media":0,"comment_status":"open","ping_status":"open","sticky":false,"template":"","format":"standard","meta":{"footnotes":""},"categories":[3],"tags":[],"class_list":["post-9952","post","type-post","status-publish","format-standard","hentry","category-alles-mogliche"],"_links":{"self":[{"href":"https:\/\/www.anthealein.de\/index.php?rest_route=\/wp\/v2\/posts\/9952","targetHints":{"allow":["GET"]}}],"collection":[{"href":"https:\/\/www.anthealein.de\/index.php?rest_route=\/wp\/v2\/posts"}],"about":[{"href":"https:\/\/www.anthealein.de\/index.php?rest_route=\/wp\/v2\/types\/post"}],"author":[{"embeddable":true,"href":"https:\/\/www.anthealein.de\/index.php?rest_route=\/wp\/v2\/users\/1"}],"replies":[{"embeddable":true,"href":"https:\/\/www.anthealein.de\/index.php?rest_route=%2Fwp%2Fv2%2Fcomments&post=9952"}],"version-history":[{"count":0,"href":"https:\/\/www.anthealein.de\/index.php?rest_route=\/wp\/v2\/posts\/9952\/revisions"}],"wp:attachment":[{"href":"https:\/\/www.anthealein.de\/index.php?rest_route=%2Fwp%2Fv2%2Fmedia&parent=9952"}],"wp:term":[{"taxonomy":"category","embeddable":true,"href":"https:\/\/www.anthealein.de\/index.php?rest_route=%2Fwp%2Fv2%2Fcategories&post=9952"},{"taxonomy":"post_tag","embeddable":true,"href":"https:\/\/www.anthealein.de\/index.php?rest_route=%2Fwp%2Fv2%2Ftags&post=9952"}],"curies":[{"name":"wp","href":"https:\/\/api.w.org\/{rel}","templated":true}]}}