{"id":9812,"date":"2013-05-07T20:05:26","date_gmt":"2013-05-07T19:05:26","guid":{"rendered":"http:\/\/www.anthealein.de\/?p=9812"},"modified":"2013-05-07T20:07:22","modified_gmt":"2013-05-07T19:07:22","slug":"schuhe-kaufen","status":"publish","type":"post","link":"https:\/\/www.anthealein.de\/?p=9812","title":{"rendered":"Schuhe kaufen &hellip;"},"content":{"rendered":"<p align=\"justify\">\u2026 geh\u00f6rt eindeutig nicht zu meinen Lieblingsbesch\u00e4ftigungen. Erst recht nicht mit Jana. Knapp eine Stunde haben wir heute bei Deichmann verbracht shock . <\/p>\n<p align=\"justify\">Lena war einfach: rein, Kind vor dem Fernseher geparkt, Schuhe nach ihrer Vorgabe im Regal gesucht (wei\u00df oder rosa, mit Blumen drauf), gefunden, anprobiert, passt. <\/p>\n<p align=\"justify\">Jana hat um die 12 Paare in jeweils 2 Gr\u00f6\u00dfen anprobiert (momentan steht sie irgendwo zwischen 33 und 34), hat welche verworfen, bei anderen den Verschluss moniert, noch mal Paar 2+3 rausgezogen und anprobiert (bekommt man die nicht irgendwie passend?), Paar 7+10 mussten auch noch mal ran, Paar 9 wurde von ihr f\u00fcr passend befunden (dank sehr hohem Absatz von mir aber verworfen), Paar X war es dann endlich, endlich nach sehr, sehr langer Zeit. Und wohl auch eher, weil ich keinen Nerv mehr hatte zu widersprechen *g*.<\/p>\n<p align=\"justify\">Auf dem Weg zur Kasse blieb ich dann noch an einem Stapel mit Schuhkartons stehen, befand das eine Paar f\u00fcr gut, nahm meine Gr\u00f6\u00dfe und ging zahlen. So erledige ICH n\u00e4mlich meine Schuhk\u00e4ufe, jawoll ja!<\/p>\n<p align=\"justify\">Und n\u00e4chstes Mal d\u00fcrfen Chris oder Opa mit Jana wieder Schuhe kaufen gehen, die k\u00f6nnen das genau so gut wie sie.<\/p>\n<p align=\"justify\">&#160;<\/p>\n<p align=\"center\"><a href=\"http:\/\/www.anthealein.de\/wp-content\/uploads\/2013\/05\/07052013.jpg\"><img loading=\"lazy\" decoding=\"async\" style=\"background-image: none; border-bottom: 0px; border-left: 0px; padding-left: 0px; padding-right: 0px; display: inline; border-top: 0px; border-right: 0px; padding-top: 0px\" title=\"07052013\" border=\"0\" alt=\"07052013\" src=\"http:\/\/www.anthealein.de\/wp-content\/uploads\/2013\/05\/07052013_thumb.jpg\" width=\"504\" height=\"504\" \/><\/a><\/p>\n","protected":false},"excerpt":{"rendered":"<p>\u2026 geh\u00f6rt eindeutig nicht zu meinen Lieblingsbesch\u00e4ftigungen. Erst recht nicht mit Jana. Knapp eine Stunde haben wir heute bei Deichmann verbracht shock . Lena war einfach: rein, Kind vor dem Fernseher geparkt, Schuhe nach ihrer Vorgabe im Regal gesucht (wei\u00df oder rosa, mit Blumen drauf), gefunden, anprobiert, passt. Jana hat um die 12 Paare in [&hellip;]<\/p>\n","protected":false},"author":1,"featured_media":0,"comment_status":"open","ping_status":"open","sticky":false,"template":"","format":"standard","meta":{"footnotes":""},"categories":[3],"tags":[],"class_list":["post-9812","post","type-post","status-publish","format-standard","hentry","category-alles-mogliche"],"_links":{"self":[{"href":"https:\/\/www.anthealein.de\/index.php?rest_route=\/wp\/v2\/posts\/9812","targetHints":{"allow":["GET"]}}],"collection":[{"href":"https:\/\/www.anthealein.de\/index.php?rest_route=\/wp\/v2\/posts"}],"about":[{"href":"https:\/\/www.anthealein.de\/index.php?rest_route=\/wp\/v2\/types\/post"}],"author":[{"embeddable":true,"href":"https:\/\/www.anthealein.de\/index.php?rest_route=\/wp\/v2\/users\/1"}],"replies":[{"embeddable":true,"href":"https:\/\/www.anthealein.de\/index.php?rest_route=%2Fwp%2Fv2%2Fcomments&post=9812"}],"version-history":[{"count":1,"href":"https:\/\/www.anthealein.de\/index.php?rest_route=\/wp\/v2\/posts\/9812\/revisions"}],"predecessor-version":[{"id":9813,"href":"https:\/\/www.anthealein.de\/index.php?rest_route=\/wp\/v2\/posts\/9812\/revisions\/9813"}],"wp:attachment":[{"href":"https:\/\/www.anthealein.de\/index.php?rest_route=%2Fwp%2Fv2%2Fmedia&parent=9812"}],"wp:term":[{"taxonomy":"category","embeddable":true,"href":"https:\/\/www.anthealein.de\/index.php?rest_route=%2Fwp%2Fv2%2Fcategories&post=9812"},{"taxonomy":"post_tag","embeddable":true,"href":"https:\/\/www.anthealein.de\/index.php?rest_route=%2Fwp%2Fv2%2Ftags&post=9812"}],"curies":[{"name":"wp","href":"https:\/\/api.w.org\/{rel}","templated":true}]}}