{"id":9785,"date":"2013-05-04T19:15:35","date_gmt":"2013-05-04T18:15:35","guid":{"rendered":"http:\/\/www.anthealein.de\/?p=9785"},"modified":"2013-05-04T19:15:35","modified_gmt":"2013-05-04T18:15:35","slug":"muskelkater-2","status":"publish","type":"post","link":"https:\/\/www.anthealein.de\/?p=9785","title":{"rendered":"Muskelkater &hellip;"},"content":{"rendered":"<p align=\"justify\">\u2026 werde ich morgen bestimmt haben. Chris musste heute schon sehr fr\u00fch zur Arbeit und so blieb es an mir h\u00e4ngen, heute morgen mit den Kindern zum Gartenaktionstag im Kindergarten anzutreten und haufenweise Sand zu verteilen. Um 10 Uhr ging es los, um 11 Uhr ging ich mich schon das erste Mal umziehen, um 12.20 Uhr folgte das zweite Mal umziehen und dann ging es schon los zur Arbeit, wo es deutlich ruhiger war <img decoding=\"async\" style=\"border-bottom-style: none; border-left-style: none; border-top-style: none; border-right-style: none\" class=\"wlEmoticon wlEmoticon-openmouthedsmile\" alt=\"Smiley mit ge\u00f6ffnetem Mund\" src=\"http:\/\/www.anthealein.de\/wp-content\/uploads\/2013\/05\/wlEmoticon-openmouthedsmile1.png\" \/> . <\/p>\n<p align=\"justify\">Lena:   <br \/>&#8211; Mitten in der Nacht: \u201cIch geh schon mal in dein Bett und dann will ich gleich kuscheln!\u201d.     <br \/>&#8211; \u201cIch m\u00f6chte drei M\u00e4dchen und zwei Jungen \u2026 Und ein Motorrad fahren!\u201d.    <br \/>&#8211; Beim Anblick von Chris und mir: \u201cOooooooooooh, wie s\u00fc\u00fc\u00fc\u00fc\u00fc\u00fc\u00fc\u00fc\u00fc\u00fc\u00df \u2026\u201d. <\/p>\n<p align=\"justify\">&#160;<\/p>\n<p align=\"center\"><a href=\"http:\/\/www.anthealein.de\/wp-content\/uploads\/2013\/05\/04052013.jpg\"><img loading=\"lazy\" decoding=\"async\" style=\"background-image: none; border-bottom: 0px; border-left: 0px; padding-left: 0px; padding-right: 0px; display: inline; border-top: 0px; border-right: 0px; padding-top: 0px\" title=\"04052013\" border=\"0\" alt=\"04052013\" src=\"http:\/\/www.anthealein.de\/wp-content\/uploads\/2013\/05\/04052013_thumb.jpg\" width=\"504\" height=\"379\" \/><\/a><\/p>\n<p align=\"center\">&#160;<\/p>\n<p align=\"center\"><a href=\"http:\/\/www.anthealein.de\/wp-content\/uploads\/2013\/05\/04052013II.jpg\"><img loading=\"lazy\" decoding=\"async\" style=\"background-image: none; border-bottom: 0px; border-left: 0px; padding-left: 0px; padding-right: 0px; display: inline; border-top: 0px; border-right: 0px; padding-top: 0px\" title=\"04052013II\" border=\"0\" alt=\"04052013II\" src=\"http:\/\/www.anthealein.de\/wp-content\/uploads\/2013\/05\/04052013II_thumb.jpg\" width=\"304\" height=\"504\" \/><\/a><\/p>\n<p align=\"center\">&#160;<\/p>\n<p align=\"center\"><a href=\"http:\/\/www.anthealein.de\/wp-content\/uploads\/2013\/05\/04052013III.jpg\"><img loading=\"lazy\" decoding=\"async\" style=\"background-image: none; border-bottom: 0px; border-left: 0px; padding-left: 0px; padding-right: 0px; display: inline; border-top: 0px; border-right: 0px; padding-top: 0px\" title=\"04052013III\" border=\"0\" alt=\"04052013III\" src=\"http:\/\/www.anthealein.de\/wp-content\/uploads\/2013\/05\/04052013III_thumb.jpg\" width=\"504\" height=\"504\" \/><\/a><\/p>\n<p align=\"center\">&#160;<\/p>\n<p align=\"center\"><a href=\"http:\/\/www.anthealein.de\/wp-content\/uploads\/2013\/05\/04052013IV.jpg\"><img loading=\"lazy\" decoding=\"async\" style=\"background-image: none; border-bottom: 0px; border-left: 0px; padding-left: 0px; padding-right: 0px; display: inline; border-top: 0px; border-right: 0px; padding-top: 0px\" title=\"04052013IV\" border=\"0\" alt=\"04052013IV\" src=\"http:\/\/www.anthealein.de\/wp-content\/uploads\/2013\/05\/04052013IV_thumb.jpg\" width=\"504\" height=\"504\" \/><\/a><\/p>\n","protected":false},"excerpt":{"rendered":"<p>\u2026 werde ich morgen bestimmt haben. Chris musste heute schon sehr fr\u00fch zur Arbeit und so blieb es an mir h\u00e4ngen, heute morgen mit den Kindern zum Gartenaktionstag im Kindergarten anzutreten und haufenweise Sand zu verteilen. Um 10 Uhr ging es los, um 11 Uhr ging ich mich schon das erste Mal umziehen, um 12.20 [&hellip;]<\/p>\n","protected":false},"author":1,"featured_media":0,"comment_status":"open","ping_status":"open","sticky":false,"template":"","format":"standard","meta":{"footnotes":""},"categories":[3],"tags":[],"class_list":["post-9785","post","type-post","status-publish","format-standard","hentry","category-alles-mogliche"],"_links":{"self":[{"href":"https:\/\/www.anthealein.de\/index.php?rest_route=\/wp\/v2\/posts\/9785","targetHints":{"allow":["GET"]}}],"collection":[{"href":"https:\/\/www.anthealein.de\/index.php?rest_route=\/wp\/v2\/posts"}],"about":[{"href":"https:\/\/www.anthealein.de\/index.php?rest_route=\/wp\/v2\/types\/post"}],"author":[{"embeddable":true,"href":"https:\/\/www.anthealein.de\/index.php?rest_route=\/wp\/v2\/users\/1"}],"replies":[{"embeddable":true,"href":"https:\/\/www.anthealein.de\/index.php?rest_route=%2Fwp%2Fv2%2Fcomments&post=9785"}],"version-history":[{"count":0,"href":"https:\/\/www.anthealein.de\/index.php?rest_route=\/wp\/v2\/posts\/9785\/revisions"}],"wp:attachment":[{"href":"https:\/\/www.anthealein.de\/index.php?rest_route=%2Fwp%2Fv2%2Fmedia&parent=9785"}],"wp:term":[{"taxonomy":"category","embeddable":true,"href":"https:\/\/www.anthealein.de\/index.php?rest_route=%2Fwp%2Fv2%2Fcategories&post=9785"},{"taxonomy":"post_tag","embeddable":true,"href":"https:\/\/www.anthealein.de\/index.php?rest_route=%2Fwp%2Fv2%2Ftags&post=9785"}],"curies":[{"name":"wp","href":"https:\/\/api.w.org\/{rel}","templated":true}]}}