{"id":9752,"date":"2013-04-29T18:25:37","date_gmt":"2013-04-29T17:25:37","guid":{"rendered":"http:\/\/www.anthealein.de\/?p=9752"},"modified":"2013-04-29T18:25:37","modified_gmt":"2013-04-29T17:25:37","slug":"jau","status":"publish","type":"post","link":"https:\/\/www.anthealein.de\/?p=9752","title":{"rendered":"Jau &hellip;"},"content":{"rendered":"<p>So ein typischer Montag halt. Termine, Einkaufen, Kinder zu Freunden und zur\u00fcck. <\/p>\n<p>&#160;<\/p>\n<p align=\"center\"><a href=\"http:\/\/www.anthealein.de\/wp-content\/uploads\/2013\/04\/29042013.jpg\"><img loading=\"lazy\" decoding=\"async\" style=\"background-image: none; border-bottom: 0px; border-left: 0px; padding-left: 0px; padding-right: 0px; display: inline; border-top: 0px; border-right: 0px; padding-top: 0px\" title=\"29042013\" border=\"0\" alt=\"29042013\" src=\"http:\/\/www.anthealein.de\/wp-content\/uploads\/2013\/04\/29042013_thumb.jpg\" width=\"504\" height=\"504\" \/><\/a>    <br \/>Es bl\u00fcht auf unserer Fensterbank <img decoding=\"async\" style=\"border-bottom-style: none; border-left-style: none; border-top-style: none; border-right-style: none\" class=\"wlEmoticon wlEmoticon-smile\" alt=\"Smiley\" src=\"http:\/\/www.anthealein.de\/wp-content\/uploads\/2013\/04\/wlEmoticon-smile3.png\" \/> .<\/p>\n<p align=\"center\">&#160;<\/p>\n<p align=\"center\"><a href=\"http:\/\/www.anthealein.de\/wp-content\/uploads\/2013\/04\/29042013II.jpg\"><img loading=\"lazy\" decoding=\"async\" style=\"background-image: none; border-bottom: 0px; border-left: 0px; padding-left: 0px; padding-right: 0px; display: inline; border-top: 0px; border-right: 0px; padding-top: 0px\" title=\"29042013II\" border=\"0\" alt=\"29042013II\" src=\"http:\/\/www.anthealein.de\/wp-content\/uploads\/2013\/04\/29042013II_thumb.jpg\" width=\"504\" height=\"504\" \/><\/a>    <br \/>Bald m\u00fcssen die Pfl\u00e4nzchen raus in Opas Garten (K\u00fcrbis und Erbse) \u2026<\/p>\n<p align=\"center\">&#160;<\/p>\n<p align=\"center\"><a href=\"http:\/\/www.anthealein.de\/wp-content\/uploads\/2013\/04\/29042013III.jpg\"><img loading=\"lazy\" decoding=\"async\" style=\"background-image: none; border-bottom: 0px; border-left: 0px; padding-left: 0px; padding-right: 0px; display: inline; border-top: 0px; border-right: 0px; padding-top: 0px\" title=\"29042013III\" border=\"0\" alt=\"29042013III\" src=\"http:\/\/www.anthealein.de\/wp-content\/uploads\/2013\/04\/29042013III_thumb.jpg\" width=\"504\" height=\"504\" \/><\/a><\/p>\n","protected":false},"excerpt":{"rendered":"<p>So ein typischer Montag halt. Termine, Einkaufen, Kinder zu Freunden und zur\u00fcck. &#160; Es bl\u00fcht auf unserer Fensterbank . &#160; Bald m\u00fcssen die Pfl\u00e4nzchen raus in Opas Garten (K\u00fcrbis und Erbse) \u2026 &#160;<\/p>\n","protected":false},"author":1,"featured_media":0,"comment_status":"open","ping_status":"open","sticky":false,"template":"","format":"standard","meta":{"footnotes":""},"categories":[3],"tags":[],"class_list":["post-9752","post","type-post","status-publish","format-standard","hentry","category-alles-mogliche"],"_links":{"self":[{"href":"https:\/\/www.anthealein.de\/index.php?rest_route=\/wp\/v2\/posts\/9752","targetHints":{"allow":["GET"]}}],"collection":[{"href":"https:\/\/www.anthealein.de\/index.php?rest_route=\/wp\/v2\/posts"}],"about":[{"href":"https:\/\/www.anthealein.de\/index.php?rest_route=\/wp\/v2\/types\/post"}],"author":[{"embeddable":true,"href":"https:\/\/www.anthealein.de\/index.php?rest_route=\/wp\/v2\/users\/1"}],"replies":[{"embeddable":true,"href":"https:\/\/www.anthealein.de\/index.php?rest_route=%2Fwp%2Fv2%2Fcomments&post=9752"}],"version-history":[{"count":0,"href":"https:\/\/www.anthealein.de\/index.php?rest_route=\/wp\/v2\/posts\/9752\/revisions"}],"wp:attachment":[{"href":"https:\/\/www.anthealein.de\/index.php?rest_route=%2Fwp%2Fv2%2Fmedia&parent=9752"}],"wp:term":[{"taxonomy":"category","embeddable":true,"href":"https:\/\/www.anthealein.de\/index.php?rest_route=%2Fwp%2Fv2%2Fcategories&post=9752"},{"taxonomy":"post_tag","embeddable":true,"href":"https:\/\/www.anthealein.de\/index.php?rest_route=%2Fwp%2Fv2%2Ftags&post=9752"}],"curies":[{"name":"wp","href":"https:\/\/api.w.org\/{rel}","templated":true}]}}