{"id":9621,"date":"2013-04-09T18:31:01","date_gmt":"2013-04-09T17:31:01","guid":{"rendered":"http:\/\/www.anthealein.de\/?p=9621"},"modified":"2013-04-09T18:31:30","modified_gmt":"2013-04-09T17:31:30","slug":"9621","status":"publish","type":"post","link":"https:\/\/www.anthealein.de\/?p=9621","title":{"rendered":"&hellip;"},"content":{"rendered":"<p>&#160;<\/p>\n<p align=\"center\"><a href=\"http:\/\/www.anthealein.de\/wp-content\/uploads\/2013\/04\/09042013.jpg\"><img loading=\"lazy\" decoding=\"async\" style=\"background-image: none; border-bottom: 0px; border-left: 0px; padding-left: 0px; padding-right: 0px; display: inline; border-top: 0px; border-right: 0px; padding-top: 0px\" title=\"09042013\" border=\"0\" alt=\"09042013\" src=\"http:\/\/www.anthealein.de\/wp-content\/uploads\/2013\/04\/09042013_thumb.jpg\" width=\"504\" height=\"337\" \/><\/a>    <br \/>*sch\u00fcttel* So sch\u00f6n die Aussicht und der Sonnenaufgang da oben auch sein m\u00fcssen, ich k\u00f6nnte da nie so locker und l\u00e4ssig meine Kaffeepause absitzen (die M\u00e4nner waren gerade fertig).<\/p>\n<p align=\"center\">&#160;<\/p>\n<p align=\"center\"><a href=\"http:\/\/www.anthealein.de\/wp-content\/uploads\/2013\/04\/09042013II.jpg\"><img loading=\"lazy\" decoding=\"async\" style=\"background-image: none; border-bottom: 0px; border-left: 0px; padding-left: 0px; padding-right: 0px; display: inline; border-top: 0px; border-right: 0px; padding-top: 0px\" title=\"09042013II\" border=\"0\" alt=\"09042013II\" src=\"http:\/\/www.anthealein.de\/wp-content\/uploads\/2013\/04\/09042013II_thumb.jpg\" width=\"504\" height=\"504\" \/><\/a>    <br \/>\u00c4hm. Ja. Eine \u00dc-Ei-Figur auf unserem T\u00fcrstopper. Heute Vormittag beim Staubsaugen gefunden. Kein Wunder, das die Kinder ihre Sachen nie finden. Wobei ich gestehen muss, das ich gestern zwei Fix-T\u00fcten im Buchregal im Spielzimmer wieder gefunden habe, die garantiert NICHT die Kinder da abgelegt haben.<\/p>\n<p align=\"center\">&#160;<\/p>\n<p align=\"center\"><a href=\"http:\/\/www.anthealein.de\/wp-content\/uploads\/2013\/04\/09042013III.jpg\"><img loading=\"lazy\" decoding=\"async\" style=\"background-image: none; border-bottom: 0px; border-left: 0px; padding-left: 0px; padding-right: 0px; display: inline; border-top: 0px; border-right: 0px; padding-top: 0px\" title=\"09042013III\" border=\"0\" alt=\"09042013III\" src=\"http:\/\/www.anthealein.de\/wp-content\/uploads\/2013\/04\/09042013III_thumb.jpg\" width=\"504\" height=\"337\" \/><\/a><\/p>\n<p align=\"center\">&#160;<\/p>\n<p align=\"center\"><a href=\"http:\/\/www.anthealein.de\/wp-content\/uploads\/2013\/04\/09042013IV.jpg\"><img loading=\"lazy\" decoding=\"async\" style=\"background-image: none; border-bottom: 0px; border-left: 0px; padding-left: 0px; padding-right: 0px; display: inline; border-top: 0px; border-right: 0px; padding-top: 0px\" title=\"09042013IV\" border=\"0\" alt=\"09042013IV\" src=\"http:\/\/www.anthealein.de\/wp-content\/uploads\/2013\/04\/09042013IV_thumb.jpg\" width=\"504\" height=\"337\" \/><\/a><\/p>\n<p align=\"center\">&#160;<\/p>\n<p align=\"center\"><a href=\"http:\/\/www.anthealein.de\/wp-content\/uploads\/2013\/04\/09042013V.jpg\"><img loading=\"lazy\" decoding=\"async\" style=\"background-image: none; border-bottom: 0px; border-left: 0px; padding-left: 0px; padding-right: 0px; display: inline; border-top: 0px; border-right: 0px; padding-top: 0px\" title=\"09042013V\" border=\"0\" alt=\"09042013V\" src=\"http:\/\/www.anthealein.de\/wp-content\/uploads\/2013\/04\/09042013V_thumb.jpg\" width=\"504\" height=\"504\" \/><\/a><\/p>\n<p align=\"center\">&#160;<\/p>\n<p align=\"justify\">Kinder in der letzten Zeit:   <br \/>&#8211; Lena bei Schwies: \u201cOpa sieht aus wie ein Uropa.\u201d    <br \/>&#8211; Jana angesichts meines Gewichts: \u201cSoviel wiegt doch ein Elefant!\u201d. Danke Kind.    <br \/>&#8211; Jana (unsere Familie meinend): \u201cWir sind ein wenig bekloppt, oder?\u201d. Jupp.    <br \/>&#8211; Jana: \u201cWann fahren wir mal wieder zu dem gro\u00dfen Butterkeksladen?\u201d. Bahlsen <img decoding=\"async\" style=\"border-bottom-style: none; border-left-style: none; border-top-style: none; border-right-style: none\" class=\"wlEmoticon wlEmoticon-winkingsmile\" alt=\"Zwinkerndes Smiley\" src=\"http:\/\/www.anthealein.de\/wp-content\/uploads\/2013\/04\/wlEmoticon-winkingsmile.png\" \/>    <br \/>&#8211; Jana: \u201cIch hab der Bibliotheksfrau (!!!) versprochen, das ich ihr den Inhalt erz\u00e4hle.\u201d    <br \/>&#8211; Gestern rief Lena mich extra noch mal zu sich, als sie mich auf dem Weg ins Bett h\u00f6rte: \u201cIch wollte euch nur gute Nacht sagen.\u201d t\u00f6nte es verschlafen aus ihrem Bett :herz: .    <br \/>&#8211; Lena heute morgen (evtl. h\u00e4tte sie mit zu meinem Arzt gemusst): \u201cIch habe keine Angst vor Spritzen. Nur, wenn ich eine bekommen soll.\u201d    <br \/>&#8211; Lena beim Essen heute (sie wollte nur Gulasch und So\u00dfe): \u201cMama, das Fleisch ist lecker, aber die So\u00dfe schmeckt ein wenig ekelig.\u201d. Woraufhin ausgerechnet Jana (das Kind, das beim Anblick der meisten Speisen mit \u201cIiiiiiiiiiih\u201d reagiert hat fr\u00fcher) Lena eine Strafpredigt im Mama-Ton hielt, das Essen niemals ekelig w\u00e4re, nur weil man es nicht mag. Sollte es mir Sorgen bereiten, das sie heute schon wie ich klingt und die gleichen Predigten h\u00e4lt? <\/p>\n","protected":false},"excerpt":{"rendered":"<p>&#160; *sch\u00fcttel* So sch\u00f6n die Aussicht und der Sonnenaufgang da oben auch sein m\u00fcssen, ich k\u00f6nnte da nie so locker und l\u00e4ssig meine Kaffeepause absitzen (die M\u00e4nner waren gerade fertig). &#160; \u00c4hm. Ja. Eine \u00dc-Ei-Figur auf unserem T\u00fcrstopper. Heute Vormittag beim Staubsaugen gefunden. Kein Wunder, das die Kinder ihre Sachen nie finden. Wobei ich gestehen [&hellip;]<\/p>\n","protected":false},"author":1,"featured_media":0,"comment_status":"open","ping_status":"open","sticky":false,"template":"","format":"standard","meta":{"footnotes":""},"categories":[3],"tags":[],"class_list":["post-9621","post","type-post","status-publish","format-standard","hentry","category-alles-mogliche"],"_links":{"self":[{"href":"https:\/\/www.anthealein.de\/index.php?rest_route=\/wp\/v2\/posts\/9621","targetHints":{"allow":["GET"]}}],"collection":[{"href":"https:\/\/www.anthealein.de\/index.php?rest_route=\/wp\/v2\/posts"}],"about":[{"href":"https:\/\/www.anthealein.de\/index.php?rest_route=\/wp\/v2\/types\/post"}],"author":[{"embeddable":true,"href":"https:\/\/www.anthealein.de\/index.php?rest_route=\/wp\/v2\/users\/1"}],"replies":[{"embeddable":true,"href":"https:\/\/www.anthealein.de\/index.php?rest_route=%2Fwp%2Fv2%2Fcomments&post=9621"}],"version-history":[{"count":1,"href":"https:\/\/www.anthealein.de\/index.php?rest_route=\/wp\/v2\/posts\/9621\/revisions"}],"predecessor-version":[{"id":9622,"href":"https:\/\/www.anthealein.de\/index.php?rest_route=\/wp\/v2\/posts\/9621\/revisions\/9622"}],"wp:attachment":[{"href":"https:\/\/www.anthealein.de\/index.php?rest_route=%2Fwp%2Fv2%2Fmedia&parent=9621"}],"wp:term":[{"taxonomy":"category","embeddable":true,"href":"https:\/\/www.anthealein.de\/index.php?rest_route=%2Fwp%2Fv2%2Fcategories&post=9621"},{"taxonomy":"post_tag","embeddable":true,"href":"https:\/\/www.anthealein.de\/index.php?rest_route=%2Fwp%2Fv2%2Ftags&post=9621"}],"curies":[{"name":"wp","href":"https:\/\/api.w.org\/{rel}","templated":true}]}}