{"id":9423,"date":"2013-03-18T21:28:28","date_gmt":"2013-03-18T20:28:28","guid":{"rendered":"http:\/\/www.anthealein.de\/?p=9423"},"modified":"2013-03-18T21:28:28","modified_gmt":"2013-03-18T20:28:28","slug":"urlaub-3","status":"publish","type":"post","link":"https:\/\/www.anthealein.de\/?p=9423","title":{"rendered":"Urlaub &hellip;"},"content":{"rendered":"<p align=\"justify\">\u2026 oder so *g*: <\/p>\n<p align=\"justify\">&#8211; 7.15 Aufstehen   <br \/>&#8211; 8.15 Tiere f\u00fcttern, Br\u00f6tchen schmieren, Taschen packen, Betten machen etc., etc.    <br \/>&#8211; 8.30 Lena im Kiga abliefern    <br \/>&#8211; 8.50 Jana in der Schule abliefern, wo zum Gl\u00fcck schon die Leute von der Landesb\u00fchne und flei\u00dfige Helfern werkeln, eigentlich w\u00e4re Start n\u00e4mlich erst um 9.30    <br \/>&#8211; 9.15 Neurologe    <br \/>&#8211; 9.45 Marktkauf (trotz vollem Wartezimmer beim Neuro)    <br \/>&#8211; 11.00 Zuhause. Einkauf ausr\u00e4umen, Waschmaschine anstellen    <br \/>&#8211; 12.45 Treffen im Kiga mit der anderen Mutter f\u00fcr\u2019s Osterfr\u00fchst\u00fcck. Normal teilen sich 4 Familien die Arbeit, wir sind diesmal nur zu dritt und nun ist auch noch die eine Mutter ausgefallen, weil der Kleine im Krankenhaus liegt mit Verdacht auf Gehirnersch\u00fctterung <img decoding=\"async\" style=\"border-bottom-style: none; border-left-style: none; border-top-style: none; border-right-style: none\" class=\"wlEmoticon wlEmoticon-sadsmile\" alt=\"Trauriges Smiley\" src=\"http:\/\/www.anthealein.de\/wp-content\/uploads\/2013\/03\/wlEmoticon-sadsmile1.png\" \/> . Bedeutet zwar mehr Arbeit, aber da wir uns einig sind, auch weniger Diskussion und die dritte Mutter hat nun wirklich andere Sorgen, um die sie sich k\u00fcmmern muss.     <br \/>&#8211; 13.30 M. von unten klingelt und m\u00f6chte mit Lena spielen.     <br \/>&#8211; 15.00 Wir bringen M. nach unten und laufen (bzw. fahren im Buggy) in Richtung Stadt. Holen Jana ab und schleppen die mit durch die Marktstra\u00dfe zum Spielzeugladen ein Geschenk besorgen und den langen Weg wieder nach Hause.    <br \/>&#8211; 17.30 Zuhause und auf dem Weg zum Feierabend <img decoding=\"async\" style=\"border-bottom-style: none; border-left-style: none; border-top-style: none; border-right-style: none\" class=\"wlEmoticon wlEmoticon-smile\" alt=\"Smiley\" src=\"http:\/\/www.anthealein.de\/wp-content\/uploads\/2013\/03\/wlEmoticon-smile3.png\" \/> .<\/p>\n<p align=\"justify\">Morgen fr\u00fch darf ich Jana zum Zahnarzt mitschleppen (8.00, Weckzeit: 6.00), bevor ich sie bei der Schule absetze und selber einkaufen und zur Krankengymnastik fahre (11.40). Zur Geburtstagsfeier nehmen sie zum Gl\u00fcck andere Eltern mit (ist n\u00e4mlich au\u00dferhalb), ich muss nur die Abholung noch kl\u00e4ren und kann selber Nachmittags mit Lena hier werkeln (Kleiderschrank ausmisten?). <\/p>\n<p align=\"justify\">Mittwoch hab ich \u201cerst\u201d um 9.50 einen Arzttermin, voraussichtlich einen Krankenhausbesuch (falls R. morgen eingewiesen wird, was wahrscheinlich ist) und nur einen ehemaligen Arbeitskollegen als Besucher um 17.00 auf dem Plan.<\/p>\n<p align=\"justify\">Donnerstag darf ich mich auf Physio um 11.40 freuen, darf dann Lena abholen und um 13.00 in Sande bei einer ehemaligen Kollegin sein, damit ich um 16.00 Jana holen und mich um 16.15 mit der anderen Mutter im Kiga zum schm\u00fccken und vorbereiten treffen kann. Planung ist alles <img decoding=\"async\" style=\"border-bottom-style: none; border-left-style: none; border-top-style: none; border-right-style: none\" class=\"wlEmoticon wlEmoticon-openmouthedsmile\" alt=\"Smiley mit ge\u00f6ffnetem Mund\" src=\"http:\/\/www.anthealein.de\/wp-content\/uploads\/2013\/03\/wlEmoticon-openmouthedsmile.png\" \/> , aber A. und mich h\u00e4tte man vorhin h\u00f6ren m\u00fcssen. Sie muss n\u00e4mlich ihre Tochter um 17 Uhr wo abholen und h\u00e4tte sonst nur um 14 Uhr Zeit gehabt shock .&#160; <\/p>\n<p align=\"justify\">Freitag \u2013 man h\u00f6re und staune \u2013 steht niente auf dem Plan. Na ok, der Auftritt von Jana mit den anderen von der Tanztheaterwerkstatt und Abends die Nacht der Museen. Aber das ist ja Entspannung pur *g*. <\/p>\n<p align=\"justify\">&#160;<\/p>\n<p align=\"center\"><a href=\"http:\/\/www.anthealein.de\/wp-content\/uploads\/2013\/03\/18032013.jpg\"><img loading=\"lazy\" decoding=\"async\" style=\"background-image: none; border-bottom: 0px; border-left: 0px; padding-left: 0px; padding-right: 0px; display: inline; border-top: 0px; border-right: 0px; padding-top: 0px\" title=\"18032013\" border=\"0\" alt=\"18032013\" src=\"http:\/\/www.anthealein.de\/wp-content\/uploads\/2013\/03\/18032013_thumb.jpg\" width=\"504\" height=\"504\" \/><\/a><\/p>\n","protected":false},"excerpt":{"rendered":"<p>\u2026 oder so *g*: &#8211; 7.15 Aufstehen &#8211; 8.15 Tiere f\u00fcttern, Br\u00f6tchen schmieren, Taschen packen, Betten machen etc., etc. &#8211; 8.30 Lena im Kiga abliefern &#8211; 8.50 Jana in der Schule abliefern, wo zum Gl\u00fcck schon die Leute von der Landesb\u00fchne und flei\u00dfige Helfern werkeln, eigentlich w\u00e4re Start n\u00e4mlich erst um 9.30 &#8211; 9.15 Neurologe [&hellip;]<\/p>\n","protected":false},"author":1,"featured_media":0,"comment_status":"open","ping_status":"open","sticky":false,"template":"","format":"standard","meta":{"footnotes":""},"categories":[3],"tags":[],"class_list":["post-9423","post","type-post","status-publish","format-standard","hentry","category-alles-mogliche"],"_links":{"self":[{"href":"https:\/\/www.anthealein.de\/index.php?rest_route=\/wp\/v2\/posts\/9423","targetHints":{"allow":["GET"]}}],"collection":[{"href":"https:\/\/www.anthealein.de\/index.php?rest_route=\/wp\/v2\/posts"}],"about":[{"href":"https:\/\/www.anthealein.de\/index.php?rest_route=\/wp\/v2\/types\/post"}],"author":[{"embeddable":true,"href":"https:\/\/www.anthealein.de\/index.php?rest_route=\/wp\/v2\/users\/1"}],"replies":[{"embeddable":true,"href":"https:\/\/www.anthealein.de\/index.php?rest_route=%2Fwp%2Fv2%2Fcomments&post=9423"}],"version-history":[{"count":1,"href":"https:\/\/www.anthealein.de\/index.php?rest_route=\/wp\/v2\/posts\/9423\/revisions"}],"predecessor-version":[{"id":9424,"href":"https:\/\/www.anthealein.de\/index.php?rest_route=\/wp\/v2\/posts\/9423\/revisions\/9424"}],"wp:attachment":[{"href":"https:\/\/www.anthealein.de\/index.php?rest_route=%2Fwp%2Fv2%2Fmedia&parent=9423"}],"wp:term":[{"taxonomy":"category","embeddable":true,"href":"https:\/\/www.anthealein.de\/index.php?rest_route=%2Fwp%2Fv2%2Fcategories&post=9423"},{"taxonomy":"post_tag","embeddable":true,"href":"https:\/\/www.anthealein.de\/index.php?rest_route=%2Fwp%2Fv2%2Ftags&post=9423"}],"curies":[{"name":"wp","href":"https:\/\/api.w.org\/{rel}","templated":true}]}}