{"id":9172,"date":"2013-02-11T21:38:04","date_gmt":"2013-02-11T20:38:04","guid":{"rendered":"http:\/\/www.anthealein.de\/?p=9172"},"modified":"2013-02-11T21:42:45","modified_gmt":"2013-02-11T20:42:45","slug":"natrlich-2","status":"publish","type":"post","link":"https:\/\/www.anthealein.de\/?p=9172","title":{"rendered":"Nat&uuml;rlich &hellip;"},"content":{"rendered":"<p align=\"justify\">\u2026 hatten die anderen M\u00fctter heute morgen wenigstens noch ein wenig Luftschlangen und Luftballons auf gehangen. Hmpf. Ich schw\u00f6re, obwohl ich eigentlich nie wieder das Karnevalsfr\u00fchst\u00fcck machen wollte: n\u00e4chstes Jahr (unser aller-, allerletztes Kindergartenjahr *schn\u00fcff*) bin ich wieder dabei und werde daf\u00fcr sorgen, das die K\u00fcche etc. anst\u00e4ndig geschm\u00fcckt ist. Und wenn ICH so etwas schon schreibe\/sage \u2026 Wie bef\u00fcrchtet gab es nat\u00fcrlich auch so gesunde Sachen wie Wackelpudding, Wurst am Stiel (???), Chips und co. . Ein paar Gew\u00fcrzgurken und ein paar Cocktailtomaten konnte mein Auge wenigstens auch noch erhaschen, sehr viel mehr an \u201cGem\u00fcse\u201d schien nicht da gewesen zu sein. Und das, obwohl eine der M\u00fctter sogar \u00c4rztin ist shock . <\/p>\n<p align=\"justify\">Und nein, ich bin keine \u201c\u00dcbermutter\u201d, keine \u201cS\u00fc\u00dfigkeitenhasserin\u201d, \u201cVegetarierin\u201d, oder \u201cBirkenstocksandalentr\u00e4gerin\u201d (wobei die meinen F\u00fc\u00dfen mal gut tun w\u00fcrden *g*). Ich geh\u00f6re nicht zu den M\u00fcttern, die zum Spielplatz die Tupperdose mit Gurkenscheiben, Apfelschnitzen und Weintrauben + Mineralwasserflasche mitschleppen (inkl. Feuchtt\u00fcchern nat\u00fcrlich). Wir haben auf dem Weg zum Spielplatz einen Kiosk, bei dem man wunderbar Wassereis und co. kaufen kann und jede Menge Brombeerstr\u00e4ucher. Und ein Taschentuch tut es auch v\u00f6llig. <\/p>\n<p align=\"justify\">Trotzdem empfinde ich Chips f\u00fcr v\u00f6llig \u00fcberfl\u00fcssig bei einem Fr\u00fchst\u00fcck im Kindergarten (\u00fcber Salzstangen und Gummib\u00e4rchen kann man streiten) und man sollte es nicht glauben, wie viele Kinder tats\u00e4chlich freiwillig Paprika, Salatgurken und co. essen, wenn man es nur sch\u00f6n genug verpackt. <\/p>\n<p align=\"justify\">&#160;<\/p>\n<p align=\"justify\">Passend dazu hab ich f\u00fcr morgen eine leckere Gem\u00fcsepfanne mit H\u00e4hnchenfleisch und Reis geplant. Und das komplett ohne Cortison oder Schwangerschaft *gr\u00fcbel* <img decoding=\"async\" style=\"border-bottom-style: none; border-left-style: none; border-top-style: none; border-right-style: none\" class=\"wlEmoticon wlEmoticon-winkingsmile\" alt=\"Zwinkerndes Smiley\" src=\"http:\/\/www.anthealein.de\/wp-content\/uploads\/2013\/02\/wlEmoticon-winkingsmile.png\" \/> (Vitamine, ich brauch Vitamine) . Ob ich Jana wohl dazu bekomme, wenigstens mal den Broccoli und die Champignons zu testen? Paprika mag sie ja nur roh, Zwiebeln mag sie nur im Auflauf, M\u00f6hren mag sie auch nur roh. Ich sehe sie schon das H\u00e4hnchenfleisch raus pr\u00f6keln und im Reis rumstochern. <\/p>\n<p align=\"justify\">Ach ja und morgen steht dann Karneval in der Schule f\u00fcr Jana an und nachmittags will sie mit ihrer Freundin und der Mutter laufen gehen. Mitzubringen in die Schule: Wurst. Also heute noch schnell Truthahnsalami und Gefl\u00fcgelmortadella besorgt (ansonsten h\u00e4tte die H\u00e4lfte der Klasse ein Problem). <\/p>\n<p align=\"justify\">&#160;<\/p>\n<p align=\"center\"><a href=\"http:\/\/www.anthealein.de\/wp-content\/uploads\/2013\/02\/11022013.jpg\"><img loading=\"lazy\" decoding=\"async\" style=\"background-image: none; border-bottom: 0px; border-left: 0px; padding-left: 0px; padding-right: 0px; display: inline; border-top: 0px; border-right: 0px; padding-top: 0px\" title=\"11022013\" border=\"0\" alt=\"11022013\" src=\"http:\/\/www.anthealein.de\/wp-content\/uploads\/2013\/02\/11022013_thumb.jpg\" width=\"504\" height=\"504\" \/><\/a><\/p>\n<p align=\"center\">&#160;<\/p>\n<p align=\"center\"><a href=\"http:\/\/www.anthealein.de\/wp-content\/uploads\/2013\/02\/11022013II.jpg\"><img loading=\"lazy\" decoding=\"async\" style=\"background-image: none; border-bottom: 0px; border-left: 0px; padding-left: 0px; padding-right: 0px; display: inline; border-top: 0px; border-right: 0px; padding-top: 0px\" title=\"11022013II\" border=\"0\" alt=\"11022013II\" src=\"http:\/\/www.anthealein.de\/wp-content\/uploads\/2013\/02\/11022013II_thumb.jpg\" width=\"504\" height=\"504\" \/><\/a><\/p>\n<p align=\"center\">&#160;<\/p>\n<p align=\"center\"><a href=\"http:\/\/www.anthealein.de\/wp-content\/uploads\/2013\/02\/11022013III.jpg\"><img loading=\"lazy\" decoding=\"async\" style=\"background-image: none; border-bottom: 0px; border-left: 0px; padding-left: 0px; padding-right: 0px; display: inline; border-top: 0px; border-right: 0px; padding-top: 0px\" title=\"11022013III\" border=\"0\" alt=\"11022013III\" src=\"http:\/\/www.anthealein.de\/wp-content\/uploads\/2013\/02\/11022013III_thumb.jpg\" width=\"504\" height=\"504\" \/><\/a><\/p>\n<p align=\"center\">&#160;<\/p>\n<p align=\"center\"><a href=\"http:\/\/www.anthealein.de\/wp-content\/uploads\/2013\/02\/11022013IV.jpg\"><img loading=\"lazy\" decoding=\"async\" style=\"background-image: none; border-bottom: 0px; border-left: 0px; padding-left: 0px; padding-right: 0px; display: inline; border-top: 0px; border-right: 0px; padding-top: 0px\" title=\"11022013IV\" border=\"0\" alt=\"11022013IV\" src=\"http:\/\/www.anthealein.de\/wp-content\/uploads\/2013\/02\/11022013IV_thumb.jpg\" width=\"504\" height=\"504\" \/><\/a><\/p>\n<p align=\"center\">&#160;<\/p>\n<p align=\"center\"><a href=\"http:\/\/www.anthealein.de\/wp-content\/uploads\/2013\/02\/11022013V.jpg\"><img loading=\"lazy\" decoding=\"async\" style=\"background-image: none; border-bottom: 0px; border-left: 0px; padding-left: 0px; padding-right: 0px; display: inline; border-top: 0px; border-right: 0px; padding-top: 0px\" title=\"11022013V\" border=\"0\" alt=\"11022013V\" src=\"http:\/\/www.anthealein.de\/wp-content\/uploads\/2013\/02\/11022013V_thumb.jpg\" width=\"504\" height=\"504\" \/><\/a><\/p>\n","protected":false},"excerpt":{"rendered":"<p>\u2026 hatten die anderen M\u00fctter heute morgen wenigstens noch ein wenig Luftschlangen und Luftballons auf gehangen. Hmpf. Ich schw\u00f6re, obwohl ich eigentlich nie wieder das Karnevalsfr\u00fchst\u00fcck machen wollte: n\u00e4chstes Jahr (unser aller-, allerletztes Kindergartenjahr *schn\u00fcff*) bin ich wieder dabei und werde daf\u00fcr sorgen, das die K\u00fcche etc. anst\u00e4ndig geschm\u00fcckt ist. Und wenn ICH so etwas [&hellip;]<\/p>\n","protected":false},"author":1,"featured_media":0,"comment_status":"open","ping_status":"open","sticky":false,"template":"","format":"standard","meta":{"footnotes":""},"categories":[3],"tags":[],"class_list":["post-9172","post","type-post","status-publish","format-standard","hentry","category-alles-mogliche"],"_links":{"self":[{"href":"https:\/\/www.anthealein.de\/index.php?rest_route=\/wp\/v2\/posts\/9172","targetHints":{"allow":["GET"]}}],"collection":[{"href":"https:\/\/www.anthealein.de\/index.php?rest_route=\/wp\/v2\/posts"}],"about":[{"href":"https:\/\/www.anthealein.de\/index.php?rest_route=\/wp\/v2\/types\/post"}],"author":[{"embeddable":true,"href":"https:\/\/www.anthealein.de\/index.php?rest_route=\/wp\/v2\/users\/1"}],"replies":[{"embeddable":true,"href":"https:\/\/www.anthealein.de\/index.php?rest_route=%2Fwp%2Fv2%2Fcomments&post=9172"}],"version-history":[{"count":2,"href":"https:\/\/www.anthealein.de\/index.php?rest_route=\/wp\/v2\/posts\/9172\/revisions"}],"predecessor-version":[{"id":9174,"href":"https:\/\/www.anthealein.de\/index.php?rest_route=\/wp\/v2\/posts\/9172\/revisions\/9174"}],"wp:attachment":[{"href":"https:\/\/www.anthealein.de\/index.php?rest_route=%2Fwp%2Fv2%2Fmedia&parent=9172"}],"wp:term":[{"taxonomy":"category","embeddable":true,"href":"https:\/\/www.anthealein.de\/index.php?rest_route=%2Fwp%2Fv2%2Fcategories&post=9172"},{"taxonomy":"post_tag","embeddable":true,"href":"https:\/\/www.anthealein.de\/index.php?rest_route=%2Fwp%2Fv2%2Ftags&post=9172"}],"curies":[{"name":"wp","href":"https:\/\/api.w.org\/{rel}","templated":true}]}}