{"id":9159,"date":"2013-02-10T21:16:58","date_gmt":"2013-02-10T20:16:58","guid":{"rendered":"http:\/\/www.anthealein.de\/?p=9159"},"modified":"2013-02-10T21:16:58","modified_gmt":"2013-02-10T20:16:58","slug":"eigentlich-schade","status":"publish","type":"post","link":"https:\/\/www.anthealein.de\/?p=9159","title":{"rendered":"Eigentlich schade &hellip;"},"content":{"rendered":"<p align=\"justify\">\u2026 das es morgen ein Fr\u00fchst\u00fcck f\u00fcr die Kinder im Kindergarten geben wird, das so gar nicht liebevoll vorbereitet wird. 5 Jahre lang hab ich mit anderen M\u00fcttern zusammen das Karnevalsfr\u00fchst\u00fcck organisiert. 5 Jahre lang haben wir die K\u00fcche und den Flur des Kindergartens in einen Zoo, einen <a href=\"http:\/\/www.anthealein.de\/wp-content\/uploads\/2012\/02\/20022012II.jpg\" target=\"_blank\">Zirkus<\/a>, eine <a href=\"http:\/\/www.anthealein.de\/wp-content\/uploads\/2010\/02\/14022010ii.jpg\" target=\"_blank\">Ritterburg<\/a> oder auch ein Spukschloss verwandelt (was war noch mal Thema Nr. 5?). Letztes Jahr gab es schon Diskussionen, weil f\u00fcr 2 der beteiligten M\u00fctter es v\u00f6llig gereicht h\u00e4tte, Gummib\u00e4rchen und Chips auf den Tisch zu stellen. M. + ich geh\u00f6rten zum Gl\u00fcck zur alten Garde und sorgten f\u00fcr eine anst\u00e4ndige Deko und \u201canst\u00e4ndiges\u201d Essen. <\/p>\n<p align=\"justify\">Dieses Jahr hab ich mich zum ersten Mal f\u00fcr ein anderes Fr\u00fchst\u00fcck eingetragen (auch wenn ich daf\u00fcr Urlaub nehmen muss). Als ich vorhin die Post aus dem Kiga-Briefkasten gerettet und eben schnell in den Kiga gebracht habe, sah ich schon, was die Kinder morgen fr\u00fch erwartet. N\u00e4mlich: nichts. <\/p>\n<p align=\"justify\">Also klar, nat\u00fcrlich werden die M\u00fctter Fr\u00fchst\u00fcck machen und da die beiden von letztem Jahr dabei sind, wird es garantiert voll mit S\u00fc\u00dfigkeiten sein. Aber: das liebevolle dekorieren, das fiel dieses Jahr aus. Mit viel Gl\u00fcck bringen die M\u00fctter morgen fr\u00fch wenigstens Tischdecken, Luftballons und co. an. <\/p>\n<p align=\"justify\">&#160;<\/p>\n<p align=\"center\"><a href=\"http:\/\/www.anthealein.de\/wp-content\/uploads\/2013\/02\/10022013.jpg\"><img loading=\"lazy\" decoding=\"async\" style=\"background-image: none; border-bottom: 0px; border-left: 0px; padding-left: 0px; padding-right: 0px; display: inline; border-top: 0px; border-right: 0px; padding-top: 0px\" title=\"10022013\" border=\"0\" alt=\"10022013\" src=\"http:\/\/www.anthealein.de\/wp-content\/uploads\/2013\/02\/10022013_thumb.jpg\" width=\"504\" height=\"504\" \/><\/a><\/p>\n<p align=\"center\">&#160;<\/p>\n<p align=\"center\"><a href=\"http:\/\/www.anthealein.de\/wp-content\/uploads\/2013\/02\/10022013II.jpg\"><img loading=\"lazy\" decoding=\"async\" style=\"background-image: none; border-bottom: 0px; border-left: 0px; padding-left: 0px; padding-right: 0px; display: inline; border-top: 0px; border-right: 0px; padding-top: 0px\" title=\"10022013II\" border=\"0\" alt=\"10022013II\" src=\"http:\/\/www.anthealein.de\/wp-content\/uploads\/2013\/02\/10022013II_thumb.jpg\" width=\"504\" height=\"504\" \/><\/a><\/p>\n<p align=\"center\">&#160;<\/p>\n<p align=\"center\"><a href=\"http:\/\/www.anthealein.de\/wp-content\/uploads\/2013\/02\/10022013III.jpg\"><img loading=\"lazy\" decoding=\"async\" style=\"background-image: none; border-bottom: 0px; border-left: 0px; padding-left: 0px; padding-right: 0px; display: inline; border-top: 0px; border-right: 0px; padding-top: 0px\" title=\"10022013III\" border=\"0\" alt=\"10022013III\" src=\"http:\/\/www.anthealein.de\/wp-content\/uploads\/2013\/02\/10022013III_thumb.jpg\" width=\"504\" height=\"504\" \/><\/a><\/p>\n<p align=\"center\">&#160;<\/p>\n<p align=\"center\"><a href=\"http:\/\/www.anthealein.de\/wp-content\/uploads\/2013\/02\/10022013IV.jpg\"><img loading=\"lazy\" decoding=\"async\" style=\"background-image: none; border-bottom: 0px; border-left: 0px; padding-left: 0px; padding-right: 0px; display: inline; border-top: 0px; border-right: 0px; padding-top: 0px\" title=\"10022013IV\" border=\"0\" alt=\"10022013IV\" src=\"http:\/\/www.anthealein.de\/wp-content\/uploads\/2013\/02\/10022013IV_thumb.jpg\" width=\"504\" height=\"504\" \/><\/a><\/p>\n","protected":false},"excerpt":{"rendered":"<p>\u2026 das es morgen ein Fr\u00fchst\u00fcck f\u00fcr die Kinder im Kindergarten geben wird, das so gar nicht liebevoll vorbereitet wird. 5 Jahre lang hab ich mit anderen M\u00fcttern zusammen das Karnevalsfr\u00fchst\u00fcck organisiert. 5 Jahre lang haben wir die K\u00fcche und den Flur des Kindergartens in einen Zoo, einen Zirkus, eine Ritterburg oder auch ein Spukschloss [&hellip;]<\/p>\n","protected":false},"author":1,"featured_media":0,"comment_status":"open","ping_status":"open","sticky":false,"template":"","format":"standard","meta":{"footnotes":""},"categories":[3],"tags":[],"class_list":["post-9159","post","type-post","status-publish","format-standard","hentry","category-alles-mogliche"],"_links":{"self":[{"href":"https:\/\/www.anthealein.de\/index.php?rest_route=\/wp\/v2\/posts\/9159","targetHints":{"allow":["GET"]}}],"collection":[{"href":"https:\/\/www.anthealein.de\/index.php?rest_route=\/wp\/v2\/posts"}],"about":[{"href":"https:\/\/www.anthealein.de\/index.php?rest_route=\/wp\/v2\/types\/post"}],"author":[{"embeddable":true,"href":"https:\/\/www.anthealein.de\/index.php?rest_route=\/wp\/v2\/users\/1"}],"replies":[{"embeddable":true,"href":"https:\/\/www.anthealein.de\/index.php?rest_route=%2Fwp%2Fv2%2Fcomments&post=9159"}],"version-history":[{"count":1,"href":"https:\/\/www.anthealein.de\/index.php?rest_route=\/wp\/v2\/posts\/9159\/revisions"}],"predecessor-version":[{"id":9160,"href":"https:\/\/www.anthealein.de\/index.php?rest_route=\/wp\/v2\/posts\/9159\/revisions\/9160"}],"wp:attachment":[{"href":"https:\/\/www.anthealein.de\/index.php?rest_route=%2Fwp%2Fv2%2Fmedia&parent=9159"}],"wp:term":[{"taxonomy":"category","embeddable":true,"href":"https:\/\/www.anthealein.de\/index.php?rest_route=%2Fwp%2Fv2%2Fcategories&post=9159"},{"taxonomy":"post_tag","embeddable":true,"href":"https:\/\/www.anthealein.de\/index.php?rest_route=%2Fwp%2Fv2%2Ftags&post=9159"}],"curies":[{"name":"wp","href":"https:\/\/api.w.org\/{rel}","templated":true}]}}