{"id":9087,"date":"2013-01-28T21:16:25","date_gmt":"2013-01-28T20:16:25","guid":{"rendered":"http:\/\/www.anthealein.de\/?p=9087"},"modified":"2013-01-28T21:16:25","modified_gmt":"2013-01-28T20:16:25","slug":"nu-reicht-es-aber","status":"publish","type":"post","link":"https:\/\/www.anthealein.de\/?p=9087","title":{"rendered":"Nu reicht es aber &hellip;"},"content":{"rendered":"<p align=\"justify\">\u2026 mit den Krankheiten. Lena durfte sich gestern mit Chris beim Kinderarzt vergn\u00fcgen: MOE beidseits und Bronchitis.<\/p>\n<p align=\"justify\">Kam nat\u00fcrlich gerade unpassend, weil Chris diese Woche Fr\u00fchschicht hat und ich heute morgen den CT-Termin. Zum Gl\u00fcck hatte Oma frei und konnte aufpassen. Und w\u00e4hrend Oma es sich hier bequem machte und ich schnell durchs CT geschoben wurde (zum Gl\u00fcck mit Kontrastmittel i.V. und nicht oral, falls was ist werde ich von meinem Arzt angerufen), ging Opa auch zum Arzt. Angeblich \u2013 laut Arzt letzter Woche \u2013 mit Knieproblem. Der Arzt heute diagnostizierte dank neu entstandenem Ausschlag schnell eine G\u00fcrtelrose. L\u00e4sst Opa die n\u00e4chsten Wochen mal eben ausfallen. <\/p>\n<p align=\"justify\">Oma und Opa verlie\u00dfen uns um kurz nach 11 Uhr und als ich Jana um 13.30 Uhr von der Schule abholte, fragte sie schon ob M. und ihre kleine Schwester M. heute kommen d\u00fcrften. Da nichts auf dem Plan stand, gab ich mein Einverst\u00e4ndnis. Kaum zu Hause rief A1 an, ob Jana heute Zeit h\u00e4tte. Knapp 15 Min. sp\u00e4ter: M. (noch eine *g*). Sie h\u00e4tte geh\u00f6rt das M+M kommen, ob sie auch kommen d\u00fcrfte. \u00c4h, n\u00f6. Noch mal 10 Minuten sp\u00e4ter: A2 auf der Suche nach einer Verabredung f\u00fcr heute shock . <\/p>\n<p align=\"justify\">Ab Mittwoch darf Jana wieder zum Gitarreunterricht, mal wieder in der Zeit in der Lena beim Tanzen ist. <\/p>\n<p align=\"justify\">&#160;<\/p>\n<p align=\"center\"><a href=\"http:\/\/www.anthealein.de\/wp-content\/uploads\/2013\/01\/28012013.jpg\"><img loading=\"lazy\" decoding=\"async\" style=\"background-image: none; border-bottom: 0px; border-left: 0px; padding-left: 0px; padding-right: 0px; display: inline; border-top: 0px; border-right: 0px; padding-top: 0px\" title=\"28012013\" border=\"0\" alt=\"28012013\" src=\"http:\/\/www.anthealein.de\/wp-content\/uploads\/2013\/01\/28012013_thumb.jpg\" width=\"504\" height=\"504\" \/><\/a><\/p>\n","protected":false},"excerpt":{"rendered":"<p>\u2026 mit den Krankheiten. Lena durfte sich gestern mit Chris beim Kinderarzt vergn\u00fcgen: MOE beidseits und Bronchitis. Kam nat\u00fcrlich gerade unpassend, weil Chris diese Woche Fr\u00fchschicht hat und ich heute morgen den CT-Termin. Zum Gl\u00fcck hatte Oma frei und konnte aufpassen. Und w\u00e4hrend Oma es sich hier bequem machte und ich schnell durchs CT geschoben [&hellip;]<\/p>\n","protected":false},"author":1,"featured_media":0,"comment_status":"open","ping_status":"open","sticky":false,"template":"","format":"standard","meta":{"footnotes":""},"categories":[3],"tags":[],"class_list":["post-9087","post","type-post","status-publish","format-standard","hentry","category-alles-mogliche"],"_links":{"self":[{"href":"https:\/\/www.anthealein.de\/index.php?rest_route=\/wp\/v2\/posts\/9087","targetHints":{"allow":["GET"]}}],"collection":[{"href":"https:\/\/www.anthealein.de\/index.php?rest_route=\/wp\/v2\/posts"}],"about":[{"href":"https:\/\/www.anthealein.de\/index.php?rest_route=\/wp\/v2\/types\/post"}],"author":[{"embeddable":true,"href":"https:\/\/www.anthealein.de\/index.php?rest_route=\/wp\/v2\/users\/1"}],"replies":[{"embeddable":true,"href":"https:\/\/www.anthealein.de\/index.php?rest_route=%2Fwp%2Fv2%2Fcomments&post=9087"}],"version-history":[{"count":1,"href":"https:\/\/www.anthealein.de\/index.php?rest_route=\/wp\/v2\/posts\/9087\/revisions"}],"predecessor-version":[{"id":9088,"href":"https:\/\/www.anthealein.de\/index.php?rest_route=\/wp\/v2\/posts\/9087\/revisions\/9088"}],"wp:attachment":[{"href":"https:\/\/www.anthealein.de\/index.php?rest_route=%2Fwp%2Fv2%2Fmedia&parent=9087"}],"wp:term":[{"taxonomy":"category","embeddable":true,"href":"https:\/\/www.anthealein.de\/index.php?rest_route=%2Fwp%2Fv2%2Fcategories&post=9087"},{"taxonomy":"post_tag","embeddable":true,"href":"https:\/\/www.anthealein.de\/index.php?rest_route=%2Fwp%2Fv2%2Ftags&post=9087"}],"curies":[{"name":"wp","href":"https:\/\/api.w.org\/{rel}","templated":true}]}}