{"id":9054,"date":"2013-01-22T21:43:29","date_gmt":"2013-01-22T20:43:29","guid":{"rendered":"http:\/\/www.anthealein.de\/?p=9054"},"modified":"2013-01-22T21:44:06","modified_gmt":"2013-01-22T20:44:06","slug":"na-prima-kind","status":"publish","type":"post","link":"https:\/\/www.anthealein.de\/?p=9054","title":{"rendered":"Na prima, Kind!"},"content":{"rendered":"<p align=\"justify\">Heute bei der Massage wollte Lena unbedingt helfen. Ich am jaulen (tat ja gar nicht weh *l\u00fcg*), S. versuchte sie auf sp\u00e4ter zu vertr\u00f6sten. Da fragt sie ihn, was er denn gerade machen w\u00fcrde und ich st\u00f6hnte gestresst von der Liege: \u201cmir weh tun\u201d. Daraufhin sie begeistert: \u201cOh, Mama weh tun kann ich auch. Darf ich mitmachen?\u201d. Hmpf.<\/p>\n<p align=\"justify\">&#160;<\/p>\n<p align=\"center\"><a href=\"http:\/\/www.anthealein.de\/wp-content\/uploads\/2013\/01\/22012013II.jpg\"><img loading=\"lazy\" decoding=\"async\" style=\"background-image: none; border-bottom: 0px; border-left: 0px; padding-left: 0px; padding-right: 0px; display: inline; border-top: 0px; border-right: 0px; padding-top: 0px\" title=\"22012013II\" border=\"0\" alt=\"22012013II\" src=\"http:\/\/www.anthealein.de\/wp-content\/uploads\/2013\/01\/22012013II_thumb.jpg\" width=\"504\" height=\"337\" \/><\/a><\/p>\n<p align=\"center\">&#160;<\/p>\n<p align=\"center\"><a href=\"http:\/\/www.anthealein.de\/wp-content\/uploads\/2013\/01\/22012013.jpg\"><img loading=\"lazy\" decoding=\"async\" style=\"background-image: none; border-bottom: 0px; border-left: 0px; padding-left: 0px; padding-right: 0px; display: inline; border-top: 0px; border-right: 0px; padding-top: 0px\" title=\"22012013\" border=\"0\" alt=\"22012013\" src=\"http:\/\/www.anthealein.de\/wp-content\/uploads\/2013\/01\/22012013_thumb.jpg\" width=\"504\" height=\"504\" \/><\/a>    <br \/>Kein Kommentar *g* \u2026<\/p>\n","protected":false},"excerpt":{"rendered":"<p>Heute bei der Massage wollte Lena unbedingt helfen. Ich am jaulen (tat ja gar nicht weh *l\u00fcg*), S. versuchte sie auf sp\u00e4ter zu vertr\u00f6sten. Da fragt sie ihn, was er denn gerade machen w\u00fcrde und ich st\u00f6hnte gestresst von der Liege: \u201cmir weh tun\u201d. Daraufhin sie begeistert: \u201cOh, Mama weh tun kann ich auch. Darf [&hellip;]<\/p>\n","protected":false},"author":1,"featured_media":0,"comment_status":"open","ping_status":"open","sticky":false,"template":"","format":"standard","meta":{"footnotes":""},"categories":[3],"tags":[],"class_list":["post-9054","post","type-post","status-publish","format-standard","hentry","category-alles-mogliche"],"_links":{"self":[{"href":"https:\/\/www.anthealein.de\/index.php?rest_route=\/wp\/v2\/posts\/9054","targetHints":{"allow":["GET"]}}],"collection":[{"href":"https:\/\/www.anthealein.de\/index.php?rest_route=\/wp\/v2\/posts"}],"about":[{"href":"https:\/\/www.anthealein.de\/index.php?rest_route=\/wp\/v2\/types\/post"}],"author":[{"embeddable":true,"href":"https:\/\/www.anthealein.de\/index.php?rest_route=\/wp\/v2\/users\/1"}],"replies":[{"embeddable":true,"href":"https:\/\/www.anthealein.de\/index.php?rest_route=%2Fwp%2Fv2%2Fcomments&post=9054"}],"version-history":[{"count":2,"href":"https:\/\/www.anthealein.de\/index.php?rest_route=\/wp\/v2\/posts\/9054\/revisions"}],"predecessor-version":[{"id":9056,"href":"https:\/\/www.anthealein.de\/index.php?rest_route=\/wp\/v2\/posts\/9054\/revisions\/9056"}],"wp:attachment":[{"href":"https:\/\/www.anthealein.de\/index.php?rest_route=%2Fwp%2Fv2%2Fmedia&parent=9054"}],"wp:term":[{"taxonomy":"category","embeddable":true,"href":"https:\/\/www.anthealein.de\/index.php?rest_route=%2Fwp%2Fv2%2Fcategories&post=9054"},{"taxonomy":"post_tag","embeddable":true,"href":"https:\/\/www.anthealein.de\/index.php?rest_route=%2Fwp%2Fv2%2Ftags&post=9054"}],"curies":[{"name":"wp","href":"https:\/\/api.w.org\/{rel}","templated":true}]}}