{"id":8938,"date":"2013-01-03T21:44:05","date_gmt":"2013-01-03T20:44:05","guid":{"rendered":"http:\/\/www.anthealein.de\/?p=8938"},"modified":"2013-01-03T21:44:55","modified_gmt":"2013-01-03T20:44:55","slug":"zwiegespalten","status":"publish","type":"post","link":"https:\/\/www.anthealein.de\/?p=8938","title":{"rendered":"Zwiegespalten &hellip;"},"content":{"rendered":"<p align=\"justify\">\u2026 bin ich mal wieder. <\/p>\n<p align=\"justify\">Heute morgen hab ich beim Krankenhaus angerufen und gestern kam der Befund. Der Oberarzt war im OP, also sollte ich nach 13 Uhr noch mal anrufen. Nach der Arbeit bin ich schnell raus (und h\u00e4tte dabei fast eine Kollegin \u00fcber den Haufen gerannt) und kaum zu Hause, griff ich auch schon zum Telefon. <\/p>\n<p align=\"justify\">Und eigentlich hatte der Oberarzt gute Nachrichten f\u00fcr mich, keine b\u00f6sartigen Zellver\u00e4nderungen wurden im Lymphknoten gefunden. \u201cNur\u201d reaktive (entz\u00fcndliche). Und so sehr mich das auch freut, nun wei\u00df ich immer noch nicht, wieso ich wachsende Lymphknoten und \u201cGebilde\u201d habe. Wieso ich zeitweise im Stehen einschlafen k\u00f6nnte, andauernd das Gef\u00fchl habe etwas auszubr\u00fcten (und dazu passend nicht mehr unter 37 Grad komme). Wieso ich nachts schwei\u00dfgebadet aufwache, etc., etc\u2026 Das man dazu im Internet auch viel findet in der Art \u201cbei mir war es erst der zweite entfernte Lymphknoten (wahlweise auch das zweite Labor), der eine Diagnose brachte\u201d, hilft da nicht gerade weiter. <\/p>\n<p align=\"justify\">N\u00e4chste Woche also wieder zum Hausarzt zur\u00fcck, was man denn sonst noch so untersuchen k\u00f6nnte\/sollte. Und ab heute: keine Medikamente mehr au\u00dfer mal einer Ibu, Nasenspray und co. wenn n\u00f6tig. Mein Neuro wird wohl nicht so begeistert sein, aber falls die ganzen Probleme vom Copaxone oder Baclofen kommen, kann ich das nur so austesten und in sp\u00e4testens 6 Wochen sollte es mir dann besser gehen, falls Cop der Ausl\u00f6ser ist (Baclofen hab ich ja eh von mir aus wegen der Spastik genommen). Und eigentlich ist mein Neuro schon l\u00e4nger eher \u00fcber meinen Allgemeinzustand besorgt als \u00fcber meine MS und wird mir vielleicht auch beipflichten. <\/p>\n<p align=\"justify\">&#160;<\/p>\n<p align=\"center\"><a href=\"http:\/\/www.anthealein.de\/wp-content\/uploads\/2013\/01\/03012013II.jpg\"><img loading=\"lazy\" decoding=\"async\" style=\"background-image: none; border-bottom: 0px; border-left: 0px; padding-left: 0px; padding-right: 0px; display: inline; border-top: 0px; border-right: 0px; padding-top: 0px\" title=\"03012013II\" border=\"0\" alt=\"03012013II\" src=\"http:\/\/www.anthealein.de\/wp-content\/uploads\/2013\/01\/03012013II_thumb.jpg\" width=\"504\" height=\"504\" \/><\/a>    <br \/>Wozu Spielzeug, wenn es auch ein Staubsauger tut? *g*<\/p>\n<p align=\"center\">&#160;<\/p>\n<p align=\"center\"><a href=\"http:\/\/www.anthealein.de\/wp-content\/uploads\/2013\/01\/03012013.jpg\"><img loading=\"lazy\" decoding=\"async\" style=\"background-image: none; border-bottom: 0px; border-left: 0px; padding-left: 0px; padding-right: 0px; display: inline; border-top: 0px; border-right: 0px; padding-top: 0px\" title=\"03012013\" border=\"0\" alt=\"03012013\" src=\"http:\/\/www.anthealein.de\/wp-content\/uploads\/2013\/01\/03012013_thumb.jpg\" width=\"504\" height=\"504\" \/><\/a>    <br \/>Das Lesezeichen hat Jana mir heute morgen gebastelt :herz:<\/p>\n","protected":false},"excerpt":{"rendered":"<p>\u2026 bin ich mal wieder. Heute morgen hab ich beim Krankenhaus angerufen und gestern kam der Befund. Der Oberarzt war im OP, also sollte ich nach 13 Uhr noch mal anrufen. Nach der Arbeit bin ich schnell raus (und h\u00e4tte dabei fast eine Kollegin \u00fcber den Haufen gerannt) und kaum zu Hause, griff ich auch [&hellip;]<\/p>\n","protected":false},"author":1,"featured_media":0,"comment_status":"open","ping_status":"open","sticky":false,"template":"","format":"standard","meta":{"footnotes":""},"categories":[3],"tags":[],"class_list":["post-8938","post","type-post","status-publish","format-standard","hentry","category-alles-mogliche"],"_links":{"self":[{"href":"https:\/\/www.anthealein.de\/index.php?rest_route=\/wp\/v2\/posts\/8938","targetHints":{"allow":["GET"]}}],"collection":[{"href":"https:\/\/www.anthealein.de\/index.php?rest_route=\/wp\/v2\/posts"}],"about":[{"href":"https:\/\/www.anthealein.de\/index.php?rest_route=\/wp\/v2\/types\/post"}],"author":[{"embeddable":true,"href":"https:\/\/www.anthealein.de\/index.php?rest_route=\/wp\/v2\/users\/1"}],"replies":[{"embeddable":true,"href":"https:\/\/www.anthealein.de\/index.php?rest_route=%2Fwp%2Fv2%2Fcomments&post=8938"}],"version-history":[{"count":2,"href":"https:\/\/www.anthealein.de\/index.php?rest_route=\/wp\/v2\/posts\/8938\/revisions"}],"predecessor-version":[{"id":8940,"href":"https:\/\/www.anthealein.de\/index.php?rest_route=\/wp\/v2\/posts\/8938\/revisions\/8940"}],"wp:attachment":[{"href":"https:\/\/www.anthealein.de\/index.php?rest_route=%2Fwp%2Fv2%2Fmedia&parent=8938"}],"wp:term":[{"taxonomy":"category","embeddable":true,"href":"https:\/\/www.anthealein.de\/index.php?rest_route=%2Fwp%2Fv2%2Fcategories&post=8938"},{"taxonomy":"post_tag","embeddable":true,"href":"https:\/\/www.anthealein.de\/index.php?rest_route=%2Fwp%2Fv2%2Ftags&post=8938"}],"curies":[{"name":"wp","href":"https:\/\/api.w.org\/{rel}","templated":true}]}}