{"id":8804,"date":"2012-12-22T23:27:40","date_gmt":"2012-12-22T22:27:40","guid":{"rendered":"http:\/\/www.anthealein.de\/?p=8804"},"modified":"2012-12-22T23:30:10","modified_gmt":"2012-12-22T22:30:10","slug":"eigentlich-5","status":"publish","type":"post","link":"https:\/\/www.anthealein.de\/?p=8804","title":{"rendered":"Eigentlich .."},"content":{"rendered":"<p align=\"justify\">\u2026 bin ich heute morgen in die Stadt mit Jana, weil ich noch ein Geschenk f\u00fcr Chris brauchte. Stattdessen habe ich beide Kinder f\u00fcr Weihnachten neu eingekleidet, Jana hat ihren Cheeseburger bekommen und mir schon mal grob verraten was ich von Schwies (ja, das Set ist jedes Jahr vor Weihnachten im Angebot *g*), Chris und ihr geschenkt bekomme *g* und dann hab ich den Fehler gemacht, mit ihr Tedi zu betreten.<\/p>\n<p align=\"justify\">Lena geiert praktisch seit 3 Jahren Pferden hinterher. Bei ihrer Tagesmama gab es so ein Pferd zum draufsetzen, das flei\u00dfig wieherte und Trabger\u00e4usche von sich gab. M. unten hat ein Steckenpferd, das auch solche sch\u00f6nen Ger\u00e4usche von sich gibt und von Lena regelm\u00e4\u00dfig bespielt wird. Tja und bei Tedi stehen solche Pferde halt auch und die wurden jedes Mal von ihr best\u00fcrmt, waren mir aber zu teuer. <\/p>\n<p align=\"justify\">Heute standen dort \u201cnur\u201d zwei Schaukelpferde mit Ger\u00e4uschen f\u00fcr 40 Euro und ein einsames Pferd auf seinen 4 Beinen, das irgendwie wohl keiner haben wollte und dem das Preisschild abhanden gekommen war. Also bin ich zur Kasse gegangen und hab doch mal gefragt (ich war der Meinung, das die immer 35 Euro oder so gekostet h\u00e4tten). Und als die Kassiererin 15 Euro als Preis meldete, blieb mir einfach nichts anderes \u00fcbrig *g*.<\/p>\n<p align=\"justify\">Auf dem Weg zur\u00fcck in die Nordseepassage, durch die Nordseepassage und im Bus erntete ich so manchen belustigten Blick, weil: das Viech ist erstens zu gro\u00df f\u00fcr eine T\u00fcte und reagiert zweitens nicht nur auf Druck auf das Ohr. Sprich: ich war so gut wie die ganze Zeit am wiehern und traben shock . Was das reinschmuggeln in unsere Wohnung auch ein wenig, aber wirklich nur ein wenig, erschwerte. Und Chris\u2019 Kleiderschrank wird die n\u00e4chsten 2 Tage flei\u00dfig vor sich hin wiehern, wenn man etwas heraus holen m\u00f6chte *lach*.<\/p>\n<p align=\"justify\">F\u00fcr Jana und J. (Tochter von unten) ging es heute Nachmittag\/Abend zur Weihnachtsdisco in die Tanzschule und vorher waren kurzzeitig 5 Kinder hier oben, als die gesamte Familie (jedenfalls die Kinder) von unten hier Einzug hielt. <\/p>\n<p align=\"justify\">Ich hingegen hab es gestern beim Zahnarzt auch noch geschafft, die Treppe hinauf zu fallen. Und tat gestern Abend meine linke Schulter\/Arm nur minimal weh, so war das heute schon schmerzmittelpflichtig *grummel*. Diese Woche ist nicht meine, f\u00fcrchte ich. <\/p>\n<p align=\"justify\">&#160;<\/p>\n<p align=\"center\"><a href=\"http:\/\/www.anthealein.de\/wp-content\/uploads\/2012\/12\/22122012.jpg\"><img loading=\"lazy\" decoding=\"async\" style=\"background-image: none; border-bottom: 0px; border-left: 0px; padding-left: 0px; padding-right: 0px; display: inline; border-top: 0px; border-right: 0px; padding-top: 0px\" title=\"22122012\" border=\"0\" alt=\"22122012\" src=\"http:\/\/www.anthealein.de\/wp-content\/uploads\/2012\/12\/22122012_thumb.jpg\" width=\"304\" height=\"504\" \/><\/a><\/p>\n<p align=\"center\">&#160;<\/p>\n<p align=\"center\"><a href=\"http:\/\/www.anthealein.de\/wp-content\/uploads\/2012\/12\/22122012II.jpg\"><img loading=\"lazy\" decoding=\"async\" style=\"background-image: none; border-bottom: 0px; border-left: 0px; padding-left: 0px; padding-right: 0px; display: inline; border-top: 0px; border-right: 0px; padding-top: 0px\" title=\"22122012II\" border=\"0\" alt=\"22122012II\" src=\"http:\/\/www.anthealein.de\/wp-content\/uploads\/2012\/12\/22122012II_thumb.jpg\" width=\"504\" height=\"504\" \/><\/a><\/p>\n","protected":false},"excerpt":{"rendered":"<p>\u2026 bin ich heute morgen in die Stadt mit Jana, weil ich noch ein Geschenk f\u00fcr Chris brauchte. Stattdessen habe ich beide Kinder f\u00fcr Weihnachten neu eingekleidet, Jana hat ihren Cheeseburger bekommen und mir schon mal grob verraten was ich von Schwies (ja, das Set ist jedes Jahr vor Weihnachten im Angebot *g*), Chris und [&hellip;]<\/p>\n","protected":false},"author":1,"featured_media":0,"comment_status":"open","ping_status":"open","sticky":false,"template":"","format":"standard","meta":{"footnotes":""},"categories":[3],"tags":[],"class_list":["post-8804","post","type-post","status-publish","format-standard","hentry","category-alles-mogliche"],"_links":{"self":[{"href":"https:\/\/www.anthealein.de\/index.php?rest_route=\/wp\/v2\/posts\/8804","targetHints":{"allow":["GET"]}}],"collection":[{"href":"https:\/\/www.anthealein.de\/index.php?rest_route=\/wp\/v2\/posts"}],"about":[{"href":"https:\/\/www.anthealein.de\/index.php?rest_route=\/wp\/v2\/types\/post"}],"author":[{"embeddable":true,"href":"https:\/\/www.anthealein.de\/index.php?rest_route=\/wp\/v2\/users\/1"}],"replies":[{"embeddable":true,"href":"https:\/\/www.anthealein.de\/index.php?rest_route=%2Fwp%2Fv2%2Fcomments&post=8804"}],"version-history":[{"count":2,"href":"https:\/\/www.anthealein.de\/index.php?rest_route=\/wp\/v2\/posts\/8804\/revisions"}],"predecessor-version":[{"id":8806,"href":"https:\/\/www.anthealein.de\/index.php?rest_route=\/wp\/v2\/posts\/8804\/revisions\/8806"}],"wp:attachment":[{"href":"https:\/\/www.anthealein.de\/index.php?rest_route=%2Fwp%2Fv2%2Fmedia&parent=8804"}],"wp:term":[{"taxonomy":"category","embeddable":true,"href":"https:\/\/www.anthealein.de\/index.php?rest_route=%2Fwp%2Fv2%2Fcategories&post=8804"},{"taxonomy":"post_tag","embeddable":true,"href":"https:\/\/www.anthealein.de\/index.php?rest_route=%2Fwp%2Fv2%2Ftags&post=8804"}],"curies":[{"name":"wp","href":"https:\/\/api.w.org\/{rel}","templated":true}]}}