{"id":8758,"date":"2012-12-16T21:42:27","date_gmt":"2012-12-16T20:42:27","guid":{"rendered":"http:\/\/www.anthealein.de\/?p=8758"},"modified":"2012-12-16T21:42:27","modified_gmt":"2012-12-16T20:42:27","slug":"die-weihnachtsshow-der-tanzschule-im-kkg","status":"publish","type":"post","link":"https:\/\/www.anthealein.de\/?p=8758","title":{"rendered":"Die Weihnachtsshow der Tanzschule im KKG &hellip;"},"content":{"rendered":"<p align=\"justify\">\u2026 stand heute mal wieder auf dem Plan. <\/p>\n<p align=\"justify\">Nach Ausschlafen und dem normalen Geputze, ging es heute Nachmittag um kurz nach 14 Uhr zur KKG. Jana durfte drei T\u00e4nze mittanzen und Lena h\u00e4tte eigentlich nur zwei T\u00e4nze gehabt, st\u00fcrmte aber mit den anderen Zwergen zusammen beim Schlusslied auch noch mal mit auf die B\u00fchne <img decoding=\"async\" style=\"border-bottom-style: none; border-left-style: none; border-top-style: none; border-right-style: none\" class=\"wlEmoticon wlEmoticon-smile\" alt=\"Smiley\" src=\"http:\/\/www.anthealein.de\/wp-content\/uploads\/2012\/12\/wlEmoticon-smile3.png\" \/>. Und damit ist auch das Tanzschuljahr fast beendet.<\/p>\n<p align=\"justify\">&#160;<\/p>\n<p align=\"center\"><a href=\"http:\/\/www.anthealein.de\/wp-content\/uploads\/2012\/12\/16122012.jpg\"><img loading=\"lazy\" decoding=\"async\" style=\"background-image: none; border-bottom: 0px; border-left: 0px; padding-left: 0px; padding-right: 0px; display: inline; border-top: 0px; border-right: 0px; padding-top: 0px\" title=\"16122012\" border=\"0\" alt=\"16122012\" src=\"http:\/\/www.anthealein.de\/wp-content\/uploads\/2012\/12\/16122012_thumb.jpg\" width=\"504\" height=\"504\" \/><\/a><\/p>\n<p align=\"center\">&#160;<\/p>\n<p align=\"center\"><a href=\"http:\/\/www.anthealein.de\/wp-content\/uploads\/2012\/12\/16122012II.jpg\"><img loading=\"lazy\" decoding=\"async\" style=\"background-image: none; border-bottom: 0px; border-left: 0px; padding-left: 0px; padding-right: 0px; display: inline; border-top: 0px; border-right: 0px; padding-top: 0px\" title=\"16122012II\" border=\"0\" alt=\"16122012II\" src=\"http:\/\/www.anthealein.de\/wp-content\/uploads\/2012\/12\/16122012II_thumb.jpg\" width=\"504\" height=\"504\" \/><\/a><\/p>\n<p align=\"center\">&#160;<\/p>\n<p align=\"center\"><a href=\"http:\/\/www.anthealein.de\/wp-content\/uploads\/2012\/12\/16122012III.jpg\"><img loading=\"lazy\" decoding=\"async\" style=\"background-image: none; border-bottom: 0px; border-left: 0px; padding-left: 0px; padding-right: 0px; display: inline; border-top: 0px; border-right: 0px; padding-top: 0px\" title=\"16122012III\" border=\"0\" alt=\"16122012III\" src=\"http:\/\/www.anthealein.de\/wp-content\/uploads\/2012\/12\/16122012III_thumb.jpg\" width=\"504\" height=\"504\" \/><\/a>    <br \/>Lenas Katzen <img decoding=\"async\" style=\"border-bottom-style: none; border-left-style: none; border-top-style: none; border-right-style: none\" class=\"wlEmoticon wlEmoticon-smile\" alt=\"Smiley\" src=\"http:\/\/www.anthealein.de\/wp-content\/uploads\/2012\/12\/wlEmoticon-smile3.png\" \/> . Die M\u00e4dels hatten heute ihren letzten Auftritt mit dem Tanz.<\/p>\n<p align=\"center\">&#160;<\/p>\n<p align=\"center\"><a href=\"http:\/\/www.anthealein.de\/wp-content\/uploads\/2012\/12\/16122012IV.jpg\"><img loading=\"lazy\" decoding=\"async\" style=\"background-image: none; border-bottom: 0px; border-left: 0px; padding-left: 0px; padding-right: 0px; display: inline; border-top: 0px; border-right: 0px; padding-top: 0px\" title=\"16122012IV\" border=\"0\" alt=\"16122012IV\" src=\"http:\/\/www.anthealein.de\/wp-content\/uploads\/2012\/12\/16122012IV_thumb.jpg\" width=\"504\" height=\"504\" \/><\/a>    <br \/>Kurz vorm Auftritt *g*<\/p>\n<p align=\"center\">&#160;<\/p>\n<p align=\"center\"><a href=\"http:\/\/www.anthealein.de\/wp-content\/uploads\/2012\/12\/16122012V.jpg\"><img loading=\"lazy\" decoding=\"async\" style=\"background-image: none; border-bottom: 0px; border-left: 0px; padding-left: 0px; padding-right: 0px; display: inline; border-top: 0px; border-right: 0px; padding-top: 0px\" title=\"16122012V\" border=\"0\" alt=\"16122012V\" src=\"http:\/\/www.anthealein.de\/wp-content\/uploads\/2012\/12\/16122012V_thumb.jpg\" width=\"504\" height=\"504\" \/><\/a><\/p>\n","protected":false},"excerpt":{"rendered":"<p>\u2026 stand heute mal wieder auf dem Plan. Nach Ausschlafen und dem normalen Geputze, ging es heute Nachmittag um kurz nach 14 Uhr zur KKG. Jana durfte drei T\u00e4nze mittanzen und Lena h\u00e4tte eigentlich nur zwei T\u00e4nze gehabt, st\u00fcrmte aber mit den anderen Zwergen zusammen beim Schlusslied auch noch mal mit auf die B\u00fchne . [&hellip;]<\/p>\n","protected":false},"author":1,"featured_media":0,"comment_status":"open","ping_status":"open","sticky":false,"template":"","format":"standard","meta":{"footnotes":""},"categories":[3],"tags":[],"class_list":["post-8758","post","type-post","status-publish","format-standard","hentry","category-alles-mogliche"],"_links":{"self":[{"href":"https:\/\/www.anthealein.de\/index.php?rest_route=\/wp\/v2\/posts\/8758","targetHints":{"allow":["GET"]}}],"collection":[{"href":"https:\/\/www.anthealein.de\/index.php?rest_route=\/wp\/v2\/posts"}],"about":[{"href":"https:\/\/www.anthealein.de\/index.php?rest_route=\/wp\/v2\/types\/post"}],"author":[{"embeddable":true,"href":"https:\/\/www.anthealein.de\/index.php?rest_route=\/wp\/v2\/users\/1"}],"replies":[{"embeddable":true,"href":"https:\/\/www.anthealein.de\/index.php?rest_route=%2Fwp%2Fv2%2Fcomments&post=8758"}],"version-history":[{"count":1,"href":"https:\/\/www.anthealein.de\/index.php?rest_route=\/wp\/v2\/posts\/8758\/revisions"}],"predecessor-version":[{"id":8759,"href":"https:\/\/www.anthealein.de\/index.php?rest_route=\/wp\/v2\/posts\/8758\/revisions\/8759"}],"wp:attachment":[{"href":"https:\/\/www.anthealein.de\/index.php?rest_route=%2Fwp%2Fv2%2Fmedia&parent=8758"}],"wp:term":[{"taxonomy":"category","embeddable":true,"href":"https:\/\/www.anthealein.de\/index.php?rest_route=%2Fwp%2Fv2%2Fcategories&post=8758"},{"taxonomy":"post_tag","embeddable":true,"href":"https:\/\/www.anthealein.de\/index.php?rest_route=%2Fwp%2Fv2%2Ftags&post=8758"}],"curies":[{"name":"wp","href":"https:\/\/api.w.org\/{rel}","templated":true}]}}