{"id":8672,"date":"2012-12-02T22:02:52","date_gmt":"2012-12-02T21:02:52","guid":{"rendered":"http:\/\/www.anthealein.de\/?p=8672"},"modified":"2012-12-02T22:02:52","modified_gmt":"2012-12-02T21:02:52","slug":"jetzt-kann-weihnachten-kommen-g","status":"publish","type":"post","link":"https:\/\/www.anthealein.de\/?p=8672","title":{"rendered":"Jetzt kann Weihnachten kommen *g* &hellip;"},"content":{"rendered":"<p align=\"justify\">Heute haben wir es endlich geschafft, die Wohnung zu schm\u00fccken. Bzw. Chris und die Kinder haben geschm\u00fcckt. Ich war damit besch\u00e4ftigt, die Wohnung sauber zu bekommen, den Kindern hinterher zu r\u00e4umen, 4 Ladungen W\u00e4sche zu waschen (wie kann EIN Kind so viel Dreckw\u00e4sche produzieren?), kurzfristig fest zu stellen das ich den Kindergarten vergessen habe (dort war heute Treffen der Eltern zum Schm\u00fccken und Aufh\u00e4ngen der Adventskalender) und dann musste auch noch schnell ein Pl\u00e4tzchenteig gezaubert werden. Zum Gl\u00fcck fiel Jana wenigstens heute Nachmittag schon ein, das morgen in der Schule Kekse backen angesagt ist. Morgen fr\u00fch w\u00e4re es eng geworden mit dem Teig.<\/p>\n<p align=\"justify\">&#160;<\/p>\n<p align=\"center\"><a href=\"http:\/\/www.anthealein.de\/wp-content\/uploads\/2012\/12\/02122012.jpg\"><img loading=\"lazy\" decoding=\"async\" style=\"background-image: none; border-bottom: 0px; border-left: 0px; padding-left: 0px; padding-right: 0px; display: inline; border-top: 0px; border-right: 0px; padding-top: 0px\" title=\"02122012\" border=\"0\" alt=\"02122012\" src=\"http:\/\/www.anthealein.de\/wp-content\/uploads\/2012\/12\/02122012_thumb.jpg\" width=\"504\" height=\"504\" \/><\/a>&#160; <br \/>Besch\u00e4ftigungstherapie f\u00fcr 4-j\u00e4hrige *g*<\/p>\n<p align=\"center\">&#160;<\/p>\n<p align=\"center\"><a href=\"http:\/\/www.anthealein.de\/wp-content\/uploads\/2012\/12\/02122012II.jpg\"><img loading=\"lazy\" decoding=\"async\" style=\"background-image: none; border-bottom: 0px; border-left: 0px; padding-left: 0px; padding-right: 0px; display: inline; border-top: 0px; border-right: 0px; padding-top: 0px\" title=\"02122012II\" border=\"0\" alt=\"02122012II\" src=\"http:\/\/www.anthealein.de\/wp-content\/uploads\/2012\/12\/02122012II_thumb.jpg\" width=\"504\" height=\"504\" \/><\/a><\/p>\n","protected":false},"excerpt":{"rendered":"<p>Heute haben wir es endlich geschafft, die Wohnung zu schm\u00fccken. Bzw. Chris und die Kinder haben geschm\u00fcckt. Ich war damit besch\u00e4ftigt, die Wohnung sauber zu bekommen, den Kindern hinterher zu r\u00e4umen, 4 Ladungen W\u00e4sche zu waschen (wie kann EIN Kind so viel Dreckw\u00e4sche produzieren?), kurzfristig fest zu stellen das ich den Kindergarten vergessen habe (dort [&hellip;]<\/p>\n","protected":false},"author":1,"featured_media":0,"comment_status":"open","ping_status":"open","sticky":false,"template":"","format":"standard","meta":{"footnotes":""},"categories":[3],"tags":[],"class_list":["post-8672","post","type-post","status-publish","format-standard","hentry","category-alles-mogliche"],"_links":{"self":[{"href":"https:\/\/www.anthealein.de\/index.php?rest_route=\/wp\/v2\/posts\/8672","targetHints":{"allow":["GET"]}}],"collection":[{"href":"https:\/\/www.anthealein.de\/index.php?rest_route=\/wp\/v2\/posts"}],"about":[{"href":"https:\/\/www.anthealein.de\/index.php?rest_route=\/wp\/v2\/types\/post"}],"author":[{"embeddable":true,"href":"https:\/\/www.anthealein.de\/index.php?rest_route=\/wp\/v2\/users\/1"}],"replies":[{"embeddable":true,"href":"https:\/\/www.anthealein.de\/index.php?rest_route=%2Fwp%2Fv2%2Fcomments&post=8672"}],"version-history":[{"count":1,"href":"https:\/\/www.anthealein.de\/index.php?rest_route=\/wp\/v2\/posts\/8672\/revisions"}],"predecessor-version":[{"id":8673,"href":"https:\/\/www.anthealein.de\/index.php?rest_route=\/wp\/v2\/posts\/8672\/revisions\/8673"}],"wp:attachment":[{"href":"https:\/\/www.anthealein.de\/index.php?rest_route=%2Fwp%2Fv2%2Fmedia&parent=8672"}],"wp:term":[{"taxonomy":"category","embeddable":true,"href":"https:\/\/www.anthealein.de\/index.php?rest_route=%2Fwp%2Fv2%2Fcategories&post=8672"},{"taxonomy":"post_tag","embeddable":true,"href":"https:\/\/www.anthealein.de\/index.php?rest_route=%2Fwp%2Fv2%2Ftags&post=8672"}],"curies":[{"name":"wp","href":"https:\/\/api.w.org\/{rel}","templated":true}]}}