{"id":8648,"date":"2012-11-27T21:17:06","date_gmt":"2012-11-27T20:17:06","guid":{"rendered":"http:\/\/www.anthealein.de\/?p=8648"},"modified":"2012-11-27T21:17:06","modified_gmt":"2012-11-27T20:17:06","slug":"htte-mich-ja-auch-gewundert","status":"publish","type":"post","link":"https:\/\/www.anthealein.de\/?p=8648","title":{"rendered":"H&auml;tte mich ja auch gewundert &hellip;"},"content":{"rendered":"<p align=\"justify\">\u2026 wenn ich gleich im ersten Anlauf Gl\u00fcck mit dem Arzt\/dem RNK gehabt h\u00e4tte. Nach der Arbeit hab ich die Kinder eingesammelt, wir waren kurz oben und schon ging es zum RNK. Chris \u00fcbernahm die Kinder dort um 14.45 Uhr, kurz vor 15 Uhr schlug ich in der Ambulanz auf. 15.15 Uhr (die haben eine gro\u00dfe Uhr an der Wand und irgend etwas muss man ja anstarren) kam der Arzt reingewetzt. Nicht gerade der Freundlichste seiner Art und wunderbarerweise wohl anscheinend mit R\u00f6ntgen-\/Ultraschallh\u00e4nden ausgestattet.<\/p>\n<p align=\"justify\">Er war nach kurzem Abtasten der Meinung, das meine Lymphknoten v\u00f6llig harmlos sind und es noch zig andere Untersuchungen vor einer OP gibt (man h\u00f6re und staune, ein Chirurg der nicht gleich schneiden will) die man machen k\u00f6nne. Einzig der zuletzt angeschwollene und mittlerweile gr\u00f6\u00dfte Lymphknoten in der Leiste konnte ihn minimal beeindrucken. Er will jetzt mit meinen \u00c4rzten sprechen und wird mich innerhalb einer Woche anrufen, um mir Bescheid zu geben. Na denn. Im Fall der F\u00e4lle w\u00e4re allerdings der Lymphknoten rechts in der Leiste f\u00e4llig. Um 15.30 Uhr befand ich mich bereits wieder auf dem Weg zum Auto. Ich kann mir nicht helfen, aber der Chirurg letzte Woche war nicht nur freundlicher, er war auch gr\u00fcndlicher (immerhin hat der auch erst nach dem Ultraschall eine Entnahme f\u00fcr n\u00f6tig befunden). <\/p>\n<p align=\"justify\">&#160;<\/p>\n<p align=\"center\"><a href=\"http:\/\/www.anthealein.de\/wp-content\/uploads\/2012\/11\/27112012.jpg\"><img loading=\"lazy\" decoding=\"async\" style=\"background-image: none; border-bottom: 0px; border-left: 0px; padding-left: 0px; padding-right: 0px; display: inline; border-top: 0px; border-right: 0px; padding-top: 0px\" title=\"27112012\" border=\"0\" alt=\"27112012\" src=\"http:\/\/www.anthealein.de\/wp-content\/uploads\/2012\/11\/27112012_thumb.jpg\" width=\"504\" height=\"504\" \/><\/a><\/p>\n","protected":false},"excerpt":{"rendered":"<p>\u2026 wenn ich gleich im ersten Anlauf Gl\u00fcck mit dem Arzt\/dem RNK gehabt h\u00e4tte. Nach der Arbeit hab ich die Kinder eingesammelt, wir waren kurz oben und schon ging es zum RNK. Chris \u00fcbernahm die Kinder dort um 14.45 Uhr, kurz vor 15 Uhr schlug ich in der Ambulanz auf. 15.15 Uhr (die haben eine [&hellip;]<\/p>\n","protected":false},"author":1,"featured_media":0,"comment_status":"open","ping_status":"open","sticky":false,"template":"","format":"standard","meta":{"footnotes":""},"categories":[3],"tags":[],"class_list":["post-8648","post","type-post","status-publish","format-standard","hentry","category-alles-mogliche"],"_links":{"self":[{"href":"https:\/\/www.anthealein.de\/index.php?rest_route=\/wp\/v2\/posts\/8648","targetHints":{"allow":["GET"]}}],"collection":[{"href":"https:\/\/www.anthealein.de\/index.php?rest_route=\/wp\/v2\/posts"}],"about":[{"href":"https:\/\/www.anthealein.de\/index.php?rest_route=\/wp\/v2\/types\/post"}],"author":[{"embeddable":true,"href":"https:\/\/www.anthealein.de\/index.php?rest_route=\/wp\/v2\/users\/1"}],"replies":[{"embeddable":true,"href":"https:\/\/www.anthealein.de\/index.php?rest_route=%2Fwp%2Fv2%2Fcomments&post=8648"}],"version-history":[{"count":1,"href":"https:\/\/www.anthealein.de\/index.php?rest_route=\/wp\/v2\/posts\/8648\/revisions"}],"predecessor-version":[{"id":8649,"href":"https:\/\/www.anthealein.de\/index.php?rest_route=\/wp\/v2\/posts\/8648\/revisions\/8649"}],"wp:attachment":[{"href":"https:\/\/www.anthealein.de\/index.php?rest_route=%2Fwp%2Fv2%2Fmedia&parent=8648"}],"wp:term":[{"taxonomy":"category","embeddable":true,"href":"https:\/\/www.anthealein.de\/index.php?rest_route=%2Fwp%2Fv2%2Fcategories&post=8648"},{"taxonomy":"post_tag","embeddable":true,"href":"https:\/\/www.anthealein.de\/index.php?rest_route=%2Fwp%2Fv2%2Ftags&post=8648"}],"curies":[{"name":"wp","href":"https:\/\/api.w.org\/{rel}","templated":true}]}}