{"id":8608,"date":"2012-11-22T21:31:24","date_gmt":"2012-11-22T20:31:24","guid":{"rendered":"http:\/\/www.anthealein.de\/?p=8608"},"modified":"2012-11-22T21:31:24","modified_gmt":"2012-11-22T20:31:24","slug":"endlich","status":"publish","type":"post","link":"https:\/\/www.anthealein.de\/?p=8608","title":{"rendered":"Endlich &hellip;"},"content":{"rendered":"<p align=\"justify\">\u2026 kann ich das sch\u00f6ne Wort mal benutzen, das ich immer so gerne bei <a href=\"http:\/\/josephinechaos.wordpress.com\/\" target=\"_blank\">Josephine<\/a> lese: ich wurde heute vom Chirurgen ans Krankenhaus weiter geturft. <\/p>\n<p align=\"justify\">Der Chirurg \u2013 lieb und nett \u2013 tastete die Knoten ab, machte Ultraschall, unterhielt sich mit mir und \u00fcbergab die Verantwortung f\u00fcr mich, meine Lymphknoten und das \u201candere Gebilde\u201d (N\u00e4he Beckenkamm oder so vorletzte Woche angewachsen) an die Kollegen vom Krankenhaus.<\/p>\n<p align=\"justify\">Da wiederrum hatte ich am Telefon eine ganz Liebe, die sich auf der Suche nach einem Termin f\u00fcr mich fast \u00fcberschlug beim lautstarken Bl\u00e4ttern im Terminkalender. Erst hatte sie n\u00e4chsten Donnerstag einen, dann schaufelte sie mich aber doch f\u00fcr Dienstag unter und entschuldigte sich zig mal, das es leider leider nicht eher ginge. Aber: ich wisse ja, mit Schmerzen k\u00f6nne ich mich auch in die Notaufnahme setzen, dann m\u00fcssten sie mich aufnehmen. Och n\u00f6, so dringend ist es dann ja nu auch nicht. N\u00e4chsten Dienstag also: Vorstellungstermin in der Chirurgischen Ambulanz.<\/p>\n<p align=\"justify\">Derweil durfte Jana sich auf einem Kindergeburtstag vergn\u00fcgen und Lena besch\u00e4ftigte zusammen mit M. (Junge von unten) die arme Valeska. <\/p>\n<p align=\"justify\">Und nat\u00fcrlich w\u00e4re ich nicht ich, wenn meine erste Sorge nach dem Verlassen der Arztpraxis (nach dem informieren von Chris) nicht die Krankenhauswahl gewesen w\u00e4re. Also hab ich ganz schnell R. angerufen, der letzte Woche noch im RNK lag und hab ihn gefragt, was die Essensfront dort macht. Super, alle anderen informieren sich auf alle m\u00f6gliche Art und Weise \u00fcber Krankenh\u00e4user, \u00c4rzte und co. und ich? Frag, wo es mehr zu essen gibt <img decoding=\"async\" style=\"border-bottom-style: none; border-left-style: none; border-top-style: none; border-right-style: none\" class=\"wlEmoticon wlEmoticon-openmouthedsmile\" alt=\"Smiley mit ge\u00f6ffnetem Mund\" src=\"http:\/\/www.anthealein.de\/wp-content\/uploads\/2012\/11\/wlEmoticon-openmouthedsmile4.png\" \/> .<\/p>\n<p align=\"justify\">&#160;<\/p>\n<p align=\"center\"><a href=\"http:\/\/www.anthealein.de\/wp-content\/uploads\/2012\/11\/22112012.jpg\"><img loading=\"lazy\" decoding=\"async\" style=\"background-image: none; border-bottom: 0px; border-left: 0px; padding-left: 0px; padding-right: 0px; display: inline; border-top: 0px; border-right: 0px; padding-top: 0px\" title=\"22112012\" border=\"0\" alt=\"22112012\" src=\"http:\/\/www.anthealein.de\/wp-content\/uploads\/2012\/11\/22112012_thumb.jpg\" width=\"304\" height=\"504\" \/><\/a><\/p>\n","protected":false},"excerpt":{"rendered":"<p>\u2026 kann ich das sch\u00f6ne Wort mal benutzen, das ich immer so gerne bei Josephine lese: ich wurde heute vom Chirurgen ans Krankenhaus weiter geturft. Der Chirurg \u2013 lieb und nett \u2013 tastete die Knoten ab, machte Ultraschall, unterhielt sich mit mir und \u00fcbergab die Verantwortung f\u00fcr mich, meine Lymphknoten und das \u201candere Gebilde\u201d (N\u00e4he [&hellip;]<\/p>\n","protected":false},"author":1,"featured_media":0,"comment_status":"open","ping_status":"open","sticky":false,"template":"","format":"standard","meta":{"footnotes":""},"categories":[3],"tags":[],"class_list":["post-8608","post","type-post","status-publish","format-standard","hentry","category-alles-mogliche"],"_links":{"self":[{"href":"https:\/\/www.anthealein.de\/index.php?rest_route=\/wp\/v2\/posts\/8608","targetHints":{"allow":["GET"]}}],"collection":[{"href":"https:\/\/www.anthealein.de\/index.php?rest_route=\/wp\/v2\/posts"}],"about":[{"href":"https:\/\/www.anthealein.de\/index.php?rest_route=\/wp\/v2\/types\/post"}],"author":[{"embeddable":true,"href":"https:\/\/www.anthealein.de\/index.php?rest_route=\/wp\/v2\/users\/1"}],"replies":[{"embeddable":true,"href":"https:\/\/www.anthealein.de\/index.php?rest_route=%2Fwp%2Fv2%2Fcomments&post=8608"}],"version-history":[{"count":1,"href":"https:\/\/www.anthealein.de\/index.php?rest_route=\/wp\/v2\/posts\/8608\/revisions"}],"predecessor-version":[{"id":8609,"href":"https:\/\/www.anthealein.de\/index.php?rest_route=\/wp\/v2\/posts\/8608\/revisions\/8609"}],"wp:attachment":[{"href":"https:\/\/www.anthealein.de\/index.php?rest_route=%2Fwp%2Fv2%2Fmedia&parent=8608"}],"wp:term":[{"taxonomy":"category","embeddable":true,"href":"https:\/\/www.anthealein.de\/index.php?rest_route=%2Fwp%2Fv2%2Fcategories&post=8608"},{"taxonomy":"post_tag","embeddable":true,"href":"https:\/\/www.anthealein.de\/index.php?rest_route=%2Fwp%2Fv2%2Ftags&post=8608"}],"curies":[{"name":"wp","href":"https:\/\/api.w.org\/{rel}","templated":true}]}}