{"id":8489,"date":"2012-11-06T21:48:52","date_gmt":"2012-11-06T20:48:52","guid":{"rendered":"http:\/\/www.anthealein.de\/?p=8489"},"modified":"2012-11-06T21:51:10","modified_gmt":"2012-11-06T20:51:10","slug":"war-da-nicht-so-etwas-wie-ruhe","status":"publish","type":"post","link":"https:\/\/www.anthealein.de\/?p=8489","title":{"rendered":"War da nicht so etwas wie Ruhe?"},"content":{"rendered":"<p align=\"justify\">Ich sollte wieder arbeiten gehen. Ganz ernsthaft. Da hab ich tats\u00e4chlich &#8211; zumindest beim Glattmachen &#8211; Ruhe. Und in meinem B\u00fcro nat\u00fcrlich auch <img decoding=\"async\" style=\"border-bottom-style: none; border-left-style: none; border-top-style: none; border-right-style: none\" class=\"wlEmoticon wlEmoticon-smile\" alt=\"Smiley\" src=\"http:\/\/www.anthealein.de\/wp-content\/uploads\/2012\/11\/wlEmoticon-smile2.png\" \/> .<\/p>\n<p align=\"justify\">Aber ich bin ja selber schuld, wenn ich mir den Urlaub so voll haue.<\/p>\n<p align=\"justify\">Heute morgen hatte ich den Vorsorgetermin beim Hausarzt. Blut, Urin, das \u00fcbliche halt. Blutdruck ein wenig hoch, mein linker Fu\u00df ist ein Knick-Senk-Irgendwas-Fu\u00df, mein rechtes Bein ein wenig l\u00e4nger als mein linkes Bein (h\u00f6?), meine Schilddr\u00fcse rechts vergr\u00f6\u00dfert, meine Lymphknoten auch immer noch und die \u201cSpastik\u201d in dem rechten Bein vor ein paar Monaten, die so schlimm war, soll wohl eine Thrombose gewesen sein (h\u00f6???!). Und jetzt hei\u00dft es erst mal auf Blutergebnisse und co. warten.<\/p>\n<p align=\"justify\">Nach dem Arzt fuhr ich zu Sandra auf einen schnellen Tee und ein wenig Babykuscheln. Und bis ich mich da wieder losrei\u00dfen konnte, war es auch schon allerh\u00f6chste Eisenbahn. <\/p>\n<p align=\"justify\">Kinder geholt, kurz nach Hause, Freundebesuch f\u00fcr den Nachmittag planen und wieder zur Krankengymnastik fahren. Jana mag den neuen Physio immer noch nicht, ich bin mir noch nicht schl\u00fcssig. Auf dem Nachhauseweg hab ich eben schnell eingekauft und Jana dann bei ihrer Freundin abgesetzt (mit der und deren kleiner Schwester sie dann zu uns laufen wollte). <\/p>\n<p align=\"justify\">Im Treppenhaus fing mich unsere neue Nachbarin ab. 3 Kinder wollte sie von der Schule abholen, ihr Patenkind musste jedoch pl\u00f6tzlich auch mit: also Platzproblem im Auto. So ging der kleine M. kurzerhand mit zu uns hoch und sie bedankte sich tausend Mal *g*. Zur Revanche nahm sie hinterher allerdings Lena mit runter, alles ausgeglichen also \u2026 <\/p>\n<p align=\"justify\">5 Kinder, die hier rumtobten, sehr viel Chaos, daf\u00fcr jetzt tats\u00e4chlich endlich so etwas wie: Ruhe <img decoding=\"async\" style=\"border-bottom-style: none; border-left-style: none; border-top-style: none; border-right-style: none\" class=\"wlEmoticon wlEmoticon-openmouthedsmile\" alt=\"Smiley mit ge\u00f6ffnetem Mund\" src=\"http:\/\/www.anthealein.de\/wp-content\/uploads\/2012\/11\/wlEmoticon-openmouthedsmile2.png\" \/> . Wenn die Katze nicht im Flur rumjaulen w\u00fcrde shock .<\/p>\n<p align=\"justify\">Morgen: Kinder wegbringen (Chris hat Fr\u00fchschicht), Gro\u00dfeinkauf (dringend), Kinder holen, sauber machen (jaja \u2026), Lena Tanzen, nach Hause und die Kinder versorgen (Chris kommt sp\u00e4ter)   <br \/>\u00dcbermorgen: Arzttermin morgens, Krankengymnastik, Reichelt, ???, Jana Tanzen \u2026    <br \/>Freitag: Frei? Frei? Frei!!! (Bis Mittags wenigstens *g*) \u2026 Obwohl \u2026 Fr\u00fchst\u00fcck???    <br \/>Samstag: Aber nun wirklich: frei. Theoretisch. Oder so.    <br \/>Sonntag: Dito    <br \/>Montag: Udo <img decoding=\"async\" style=\"border-bottom-style: none; border-left-style: none; border-top-style: none; border-right-style: none\" class=\"wlEmoticon wlEmoticon-openmouthedsmile\" alt=\"Smiley mit ge\u00f6ffnetem Mund\" src=\"http:\/\/www.anthealein.de\/wp-content\/uploads\/2012\/11\/wlEmoticon-openmouthedsmile2.png\" \/><\/p>\n<p align=\"justify\"><\/p>\n<p align=\"center\"><a href=\"http:\/\/www.anthealein.de\/wp-content\/uploads\/2012\/11\/06112012.jpg\"><img loading=\"lazy\" decoding=\"async\" style=\"background-image: none; border-bottom: 0px; border-left: 0px; padding-left: 0px; padding-right: 0px; display: inline; border-top: 0px; border-right: 0px; padding-top: 0px\" title=\"06112012\" border=\"0\" alt=\"06112012\" src=\"http:\/\/www.anthealein.de\/wp-content\/uploads\/2012\/11\/06112012_thumb.jpg\" width=\"504\" height=\"504\" \/><\/a>    <br \/>Sind es allen Ernstes nur noch ein paar Wochen, bis die 3. Runde \u201cProjekt 365\u201d durch ist? Ich glaube, ich bin die Einzige, die das immer noch macht *g*.<\/p>\n","protected":false},"excerpt":{"rendered":"<p>Ich sollte wieder arbeiten gehen. Ganz ernsthaft. Da hab ich tats\u00e4chlich &#8211; zumindest beim Glattmachen &#8211; Ruhe. Und in meinem B\u00fcro nat\u00fcrlich auch . Aber ich bin ja selber schuld, wenn ich mir den Urlaub so voll haue. Heute morgen hatte ich den Vorsorgetermin beim Hausarzt. Blut, Urin, das \u00fcbliche halt. Blutdruck ein wenig hoch, [&hellip;]<\/p>\n","protected":false},"author":1,"featured_media":0,"comment_status":"open","ping_status":"open","sticky":false,"template":"","format":"standard","meta":{"footnotes":""},"categories":[3],"tags":[],"class_list":["post-8489","post","type-post","status-publish","format-standard","hentry","category-alles-mogliche"],"_links":{"self":[{"href":"https:\/\/www.anthealein.de\/index.php?rest_route=\/wp\/v2\/posts\/8489","targetHints":{"allow":["GET"]}}],"collection":[{"href":"https:\/\/www.anthealein.de\/index.php?rest_route=\/wp\/v2\/posts"}],"about":[{"href":"https:\/\/www.anthealein.de\/index.php?rest_route=\/wp\/v2\/types\/post"}],"author":[{"embeddable":true,"href":"https:\/\/www.anthealein.de\/index.php?rest_route=\/wp\/v2\/users\/1"}],"replies":[{"embeddable":true,"href":"https:\/\/www.anthealein.de\/index.php?rest_route=%2Fwp%2Fv2%2Fcomments&post=8489"}],"version-history":[{"count":2,"href":"https:\/\/www.anthealein.de\/index.php?rest_route=\/wp\/v2\/posts\/8489\/revisions"}],"predecessor-version":[{"id":8491,"href":"https:\/\/www.anthealein.de\/index.php?rest_route=\/wp\/v2\/posts\/8489\/revisions\/8491"}],"wp:attachment":[{"href":"https:\/\/www.anthealein.de\/index.php?rest_route=%2Fwp%2Fv2%2Fmedia&parent=8489"}],"wp:term":[{"taxonomy":"category","embeddable":true,"href":"https:\/\/www.anthealein.de\/index.php?rest_route=%2Fwp%2Fv2%2Fcategories&post=8489"},{"taxonomy":"post_tag","embeddable":true,"href":"https:\/\/www.anthealein.de\/index.php?rest_route=%2Fwp%2Fv2%2Ftags&post=8489"}],"curies":[{"name":"wp","href":"https:\/\/api.w.org\/{rel}","templated":true}]}}