{"id":8445,"date":"2012-10-31T22:09:14","date_gmt":"2012-10-31T21:09:14","guid":{"rendered":"http:\/\/www.anthealein.de\/?p=8445"},"modified":"2012-10-31T22:09:14","modified_gmt":"2012-10-31T21:09:14","slug":"noch-fnf-oder-drei-tage","status":"publish","type":"post","link":"https:\/\/www.anthealein.de\/?p=8445","title":{"rendered":"Noch f&uuml;nf oder drei Tage,"},"content":{"rendered":"<p align=\"justify\">je nachdem was man als Wichtiger erachtet. Noch 3 Tage arbeiten bis zu meinem Urlaub (den ich gef\u00fchlt dringend n\u00f6tig habe, um mal 3 Stunden am Tag Ruhe zu genie\u00dfen), noch 5 Tage bis zu meinem ersten Arzttermin am Montag. Die Lymphknoten sind weiter gewachsen (wenn auch nur minimal), mein Gewicht geht mal wieder nach unten, meine Temperatur geht gar nicht mehr unter 37,5 Grad, mein Ruhepuls liegt minimal bei 90 und ich k\u00f6nnte den halben Tag im Stehen einschlafen, wenn ich denn die Ruhe dazu h\u00e4tte. <\/p>\n<p align=\"justify\">Zus\u00e4tzlich bringt Janas Kurs alles durcheinander. Urspr\u00fcnglich waren 2 Gruppen geplant f\u00fcr die Werkstatt. Eine morgens, eine fast im Anschluss nachmittags. Jana in der Gruppe morgens von 9.30 \u2013 12.30 Uhr. In der VHS (urspr\u00fcnglich war in der Schule geplant), also alles gut. Theoretisch. Praktisch waren in der Nachmittagsgruppe zu wenig, weshalb die Gruppen zusammen gelegt wurden. Gestern morgen hie\u00df es dann noch zus\u00e4tzlich, das sie daf\u00fcr bis 14 Uhr machen w\u00fcrden. Hmpf. Und am Freitag erst von 10 Uhr an, daf\u00fcr bis zur Vorstellung um 15 Uhr. Hmpf. <\/p>\n<p align=\"justify\">Gestern also: zur Arbeit, Jana um 8.30 Uhr in Empfang genommen und mit Erlaubnis vom Chef bei R. geparkt. In der Fr\u00fchst\u00fcckspause bei ihrem Kurs abgeliefert und kurz darauf die Plan\u00e4nderungen erfahren. Meinen Krankengymnastiktermin umgelegt (der w\u00e4re n\u00e4mlich um 14 Uhr gewesen), gearbeitet und zum Kiga Lena abholen. Da wir ja nun mal im Haus wohnen, eh einen Schl\u00fcssel f\u00fcr den Kiga und 10 Arbeitsstunden im Jahr zu leisten haben, bin ich dort die Vertretung f\u00fcr die Putzfrau. Und nat\u00fcrlich war die gestern krank shock . <\/p>\n<p align=\"justify\">Lena und ich gingen kurz nach oben, fuhren Jana holen (14 Uhr), zur Krankengymnastik (14.20 Uhr) bei Mrs. Bundeswehrsoldatin, nach Hause (15 Uhr), nach ein wenig Gewusel oben ging ich nach unten putzen (kurz vor 16 Uhr) und musste dann schon fast direkt anfangen zu kochen. Chris kam kurz, a\u00df und fuhr um 19.30 Uhr schon wieder los, den Laternenumzug mit anderen Eltern planen. Ich wei\u00df schon, wieso ich Urlaub haben will *g*.<\/p>\n<p align=\"justify\">&#160;<\/p>\n<p align=\"justify\">Heute war es ein wenig ruhiger. Bis Mittags zwar genau so, aber putzen wollten die Erzieherinnen heute selber \u00fcbernehmen, weil sie eh Meeting hatten (und ich war in Gedanken schon den Putzmarathon am planen). Also brauchte ich nur Jana abholen, hier putzen und A. in Empfang nehmen (J.s Freundin, die n\u00e4chste Woche im Krankenhaus ist und gerne noch mal kommen wollte). 16.45 Uhr schlie\u00dflich klingelte unsere neue Nachbarin (seeeeehr nett, auch wenn ich mir beim besten Willen ihren Vornamen nicht gemerkt habe) und nahm Lena gleich mit, damit die mit ihrem Sohn M. spielen konnte. <\/p>\n<p align=\"justify\">&#160;<\/p>\n<p align=\"justify\">Morgen wird wieder ein wenig hektischer, weil wir nach der Jana-Abholung einkaufen m\u00fcssen. 15.20 Uhr hab ich dann Krankengymnastik, 16 Uhr kommt M. (zur Revanche <img decoding=\"async\" style=\"border-bottom-style: none; border-left-style: none; border-top-style: none; border-right-style: none\" class=\"wlEmoticon wlEmoticon-smile\" alt=\"Smiley\" src=\"http:\/\/www.anthealein.de\/wp-content\/uploads\/2012\/10\/wlEmoticon-smile6.png\" \/> ) nach oben und die Meeris und das Katzenklo m\u00fcssen dringend sauber gemacht werden. Kochen und dann hoffentlich Feierabend (wieso hab ich die ganze Zeit das Gef\u00fchl, in der Planung f\u00fcr morgen irgendwas oder irgendwen vergessen zu haben?).<\/p>\n<p align=\"justify\">&#160;<\/p>\n<p align=\"center\"><a href=\"http:\/\/www.anthealein.de\/wp-content\/uploads\/2012\/10\/31102012.jpg\"><img loading=\"lazy\" decoding=\"async\" style=\"background-image: none; border-bottom: 0px; border-left: 0px; padding-left: 0px; padding-right: 0px; display: inline; border-top: 0px; border-right: 0px; padding-top: 0px\" title=\"31102012\" border=\"0\" alt=\"31102012\" src=\"http:\/\/www.anthealein.de\/wp-content\/uploads\/2012\/10\/31102012_thumb.jpg\" width=\"504\" height=\"504\" \/><\/a><\/p>\n<p align=\"center\">&#160;<\/p>\n<p align=\"center\"><a href=\"http:\/\/www.anthealein.de\/wp-content\/uploads\/2012\/10\/31102012II.jpg\"><img loading=\"lazy\" decoding=\"async\" style=\"background-image: none; border-bottom: 0px; border-left: 0px; padding-left: 0px; padding-right: 0px; display: inline; border-top: 0px; border-right: 0px; padding-top: 0px\" title=\"31102012II\" border=\"0\" alt=\"31102012II\" src=\"http:\/\/www.anthealein.de\/wp-content\/uploads\/2012\/10\/31102012II_thumb.jpg\" width=\"504\" height=\"504\" \/><\/a>    <br \/>Kurz vor A.s Abholung meinten die Kinder, die Wohnung in einen Verkehrsgarten umbauen zu m\u00fcssen. Das Stoppschild an der Schlafzimmert\u00fcr werde ich gleich einfach mal missachten <img decoding=\"async\" style=\"border-bottom-style: none; border-left-style: none; border-top-style: none; border-right-style: none\" class=\"wlEmoticon wlEmoticon-winkingsmile\" alt=\"Zwinkerndes Smiley\" src=\"http:\/\/www.anthealein.de\/wp-content\/uploads\/2012\/10\/wlEmoticon-winkingsmile5.png\" \/> .<\/p>\n","protected":false},"excerpt":{"rendered":"<p>je nachdem was man als Wichtiger erachtet. Noch 3 Tage arbeiten bis zu meinem Urlaub (den ich gef\u00fchlt dringend n\u00f6tig habe, um mal 3 Stunden am Tag Ruhe zu genie\u00dfen), noch 5 Tage bis zu meinem ersten Arzttermin am Montag. Die Lymphknoten sind weiter gewachsen (wenn auch nur minimal), mein Gewicht geht mal wieder nach [&hellip;]<\/p>\n","protected":false},"author":1,"featured_media":0,"comment_status":"open","ping_status":"open","sticky":false,"template":"","format":"standard","meta":{"footnotes":""},"categories":[3],"tags":[],"class_list":["post-8445","post","type-post","status-publish","format-standard","hentry","category-alles-mogliche"],"_links":{"self":[{"href":"https:\/\/www.anthealein.de\/index.php?rest_route=\/wp\/v2\/posts\/8445","targetHints":{"allow":["GET"]}}],"collection":[{"href":"https:\/\/www.anthealein.de\/index.php?rest_route=\/wp\/v2\/posts"}],"about":[{"href":"https:\/\/www.anthealein.de\/index.php?rest_route=\/wp\/v2\/types\/post"}],"author":[{"embeddable":true,"href":"https:\/\/www.anthealein.de\/index.php?rest_route=\/wp\/v2\/users\/1"}],"replies":[{"embeddable":true,"href":"https:\/\/www.anthealein.de\/index.php?rest_route=%2Fwp%2Fv2%2Fcomments&post=8445"}],"version-history":[{"count":1,"href":"https:\/\/www.anthealein.de\/index.php?rest_route=\/wp\/v2\/posts\/8445\/revisions"}],"predecessor-version":[{"id":8446,"href":"https:\/\/www.anthealein.de\/index.php?rest_route=\/wp\/v2\/posts\/8445\/revisions\/8446"}],"wp:attachment":[{"href":"https:\/\/www.anthealein.de\/index.php?rest_route=%2Fwp%2Fv2%2Fmedia&parent=8445"}],"wp:term":[{"taxonomy":"category","embeddable":true,"href":"https:\/\/www.anthealein.de\/index.php?rest_route=%2Fwp%2Fv2%2Fcategories&post=8445"},{"taxonomy":"post_tag","embeddable":true,"href":"https:\/\/www.anthealein.de\/index.php?rest_route=%2Fwp%2Fv2%2Ftags&post=8445"}],"curies":[{"name":"wp","href":"https:\/\/api.w.org\/{rel}","templated":true}]}}