{"id":8253,"date":"2012-10-06T18:23:16","date_gmt":"2012-10-06T17:23:16","guid":{"rendered":"http:\/\/www.anthealein.de\/?p=8253"},"modified":"2012-10-06T18:23:16","modified_gmt":"2012-10-06T17:23:16","slug":"nicht-meine-woche-grummel","status":"publish","type":"post","link":"https:\/\/www.anthealein.de\/?p=8253","title":{"rendered":"Nicht meine Woche *grummel*"},"content":{"rendered":"<p align=\"justify\">Donnerstag wurde der Husten schlimmer und tat so richtig weh, also gestern noch mal zum Arzt. 1. Hustenstiller f\u00fcr Nachts, 2. Inhaler, 3. Termin beim Pneumologen (Allergietest angefordert) am 5.11. und gestern musste ich noch schnell zum R\u00f6ntgen, damit die Bilder am Montag bei ihm sind, wenn ich wieder Termin habe. Sch\u00f6n und gut.<\/p>\n<p align=\"justify\">Heute stiegen wir aus dem Auto. Jana knallte ihre Autot\u00fcr zu und \u00fcbersah, das ich gerade auf dem Weg ins Auto war, um noch etwas raus zu holen. Dicke Beule an der Schl\u00e4fe rechts. Und weil es so sch\u00f6n ist, haute Chris mir dann noch die Kofferraumklappe links auf die Stirn. Nun bin ich ein Zweihorn. So schnell konnte ich gar nicht k\u00fchlen, wie sich die Beulen bildeten. <\/p>\n<p align=\"justify\">Gleich verschwindet Lena ins Bett und dann sehen wir zu, das wir den Tisch gedeckt und geschm\u00fcckt bekommen mit flei\u00dfiger Hilfe von Jana. Wurde ja auch Zeit, das Lenas gro\u00dfer Tag endlich da ist, sie nervte schon seit Wochen *g*. <\/p>\n<p align=\"justify\">Und weil ich ja sonst auch gar nichts zu tun habe, darf ich nach \u00fcber 2 Jahren tats\u00e4chlich mal wieder Windows neu installieren, weil ich mir einen Trojaner eingefangen habe der sich nicht so einfach wieder entfernen l\u00e4sst.<\/p>\n<p align=\"justify\">&#160;<\/p>\n<p align=\"center\"><a href=\"http:\/\/www.anthealein.de\/wp-content\/uploads\/2012\/10\/06102012.jpg\"><img loading=\"lazy\" decoding=\"async\" style=\"background-image: none; border-bottom: 0px; border-left: 0px; padding-left: 0px; padding-right: 0px; display: inline; border-top: 0px; border-right: 0px; padding-top: 0px\" title=\"06102012\" border=\"0\" alt=\"06102012\" src=\"http:\/\/www.anthealein.de\/wp-content\/uploads\/2012\/10\/06102012_thumb.jpg\" width=\"504\" height=\"504\" \/><\/a><\/p>\n","protected":false},"excerpt":{"rendered":"<p>Donnerstag wurde der Husten schlimmer und tat so richtig weh, also gestern noch mal zum Arzt. 1. Hustenstiller f\u00fcr Nachts, 2. Inhaler, 3. Termin beim Pneumologen (Allergietest angefordert) am 5.11. und gestern musste ich noch schnell zum R\u00f6ntgen, damit die Bilder am Montag bei ihm sind, wenn ich wieder Termin habe. Sch\u00f6n und gut. Heute [&hellip;]<\/p>\n","protected":false},"author":1,"featured_media":0,"comment_status":"open","ping_status":"open","sticky":false,"template":"","format":"standard","meta":{"footnotes":""},"categories":[3],"tags":[],"class_list":["post-8253","post","type-post","status-publish","format-standard","hentry","category-alles-mogliche"],"_links":{"self":[{"href":"https:\/\/www.anthealein.de\/index.php?rest_route=\/wp\/v2\/posts\/8253","targetHints":{"allow":["GET"]}}],"collection":[{"href":"https:\/\/www.anthealein.de\/index.php?rest_route=\/wp\/v2\/posts"}],"about":[{"href":"https:\/\/www.anthealein.de\/index.php?rest_route=\/wp\/v2\/types\/post"}],"author":[{"embeddable":true,"href":"https:\/\/www.anthealein.de\/index.php?rest_route=\/wp\/v2\/users\/1"}],"replies":[{"embeddable":true,"href":"https:\/\/www.anthealein.de\/index.php?rest_route=%2Fwp%2Fv2%2Fcomments&post=8253"}],"version-history":[{"count":1,"href":"https:\/\/www.anthealein.de\/index.php?rest_route=\/wp\/v2\/posts\/8253\/revisions"}],"predecessor-version":[{"id":8254,"href":"https:\/\/www.anthealein.de\/index.php?rest_route=\/wp\/v2\/posts\/8253\/revisions\/8254"}],"wp:attachment":[{"href":"https:\/\/www.anthealein.de\/index.php?rest_route=%2Fwp%2Fv2%2Fmedia&parent=8253"}],"wp:term":[{"taxonomy":"category","embeddable":true,"href":"https:\/\/www.anthealein.de\/index.php?rest_route=%2Fwp%2Fv2%2Fcategories&post=8253"},{"taxonomy":"post_tag","embeddable":true,"href":"https:\/\/www.anthealein.de\/index.php?rest_route=%2Fwp%2Fv2%2Ftags&post=8253"}],"curies":[{"name":"wp","href":"https:\/\/api.w.org\/{rel}","templated":true}]}}