{"id":8188,"date":"2012-09-24T20:23:38","date_gmt":"2012-09-24T19:23:38","guid":{"rendered":"http:\/\/www.anthealein.de\/?p=8188"},"modified":"2012-09-24T20:29:19","modified_gmt":"2012-09-24T19:29:19","slug":"was-fr-ein-wetterchen-da-drauen","status":"publish","type":"post","link":"https:\/\/www.anthealein.de\/?p=8188","title":{"rendered":"Was f&uuml;r ein Wetterchen da drau&szlig;en &hellip;"},"content":{"rendered":"<p align=\"justify\">War nicht gestern noch Sommer? Und jetzt st\u00fcrmt es ums Haus und Lena wollte heute schon flei\u00dfig Kastanien sammeln. Davon konnte ich sie gerade noch abhalten, schlie\u00dflich wollten wir ja zur Augen\u00e4rztin. <\/p>\n<p align=\"justify\">Gerade dem Bus am RNK entstiegen, fiel mir siedend hei\u00df ein, das ich keine \u00dcberweisung geholt hatte. Also 10 Euro Pfand da gelassen und versprochen, sp\u00e4ter noch mal zu kommen. Bei Lena alles wie letztes Mal, bei mir Gesichtsfeld etc. auch v\u00f6llig in Ordnung. Die letzten Sch\u00fcbe haben also keine bleibenden Sch\u00e4den hinterlassen <img decoding=\"async\" style=\"border-bottom-style: none; border-left-style: none; border-top-style: none; border-right-style: none\" class=\"wlEmoticon wlEmoticon-openmouthedsmile\" alt=\"Smiley mit ge\u00f6ffnetem Mund\" src=\"http:\/\/www.anthealein.de\/wp-content\/uploads\/2012\/09\/wlEmoticon-openmouthedsmile3.png\" \/> . Aber Frau Doktor w\u00fcrde mich in Zukunft gerne jedes halbe Jahr sehen und nicht mehr wie gehabt, nur einmal im Jahr. Kein Thema, ich hab ja auch sonst nichts zu tun.<\/p>\n<p align=\"justify\">Mit dem Bus ging es auch wieder nach Hause und Lena legte ein kurzes Nickerchen im Bus ein. Kaum zu Hause, mussten wir auch schon wieder los und Jana holen. Morgens hatte ich hier schon alles aus dem Weg ger\u00e4umt, nachdem wir Jana geholt hatten, habe ich noch schnell durch gewischt und schon mussten wir wieder los. <\/p>\n<p align=\"justify\">Dank meiner Schusseligkeit zum Internisten (\u00dcberweisung holen), zur Augen\u00e4rztin (meine 10 Euro wieder einl\u00f6sen) und weiter zur Tanzschule. Lena mag schon seit einiger Zeit nicht mehr so und Jana w\u00fcrde eigentlich gerne, ist Montags aber mit Sportunterricht und Fu\u00dfball-AG sportlich schon mehr als ausgelastet. Also wollte ich beide Kinder erst mal abmelden und f\u00fcr Jana dann aufs n\u00e4chste Halbjahr und die neuen Stundenpl\u00e4ne bzw. Tanzkurspl\u00e4ne warten. War ja klar, das Lena prompt heute einen \u201cIch will aber taaaaaaaanzen\u201d-Anfall hatte. Na ja, da die K\u00fcndigung eh schriftlich erfolgen muss, gehen wir Mittwoch wieder hin und sehen weiter.<\/p>\n<p align=\"justify\">Nach Dunse hielten wir eben noch bei Edeka\/Netto um das N\u00f6tigste einzukaufen und als wir endlich durchn\u00e4sst nach Hause kamen, durften die Kinder es sich gerne auf dem Sofa mit Decke, W\u00e4rmflasche, Fernbedienung und S\u00fc\u00dfigkeiten gem\u00fctlich machen <img decoding=\"async\" style=\"border-bottom-style: none; border-left-style: none; border-top-style: none; border-right-style: none\" class=\"wlEmoticon wlEmoticon-smile\" alt=\"Smiley\" src=\"http:\/\/www.anthealein.de\/wp-content\/uploads\/2012\/09\/wlEmoticon-smile6.png\" \/> . <\/p>\n<p align=\"justify\">&#160;<\/p>\n<p align=\"center\"><a href=\"http:\/\/www.anthealein.de\/wp-content\/uploads\/2012\/09\/24092012.jpg\"><img loading=\"lazy\" decoding=\"async\" style=\"background-image: none; border-bottom: 0px; border-left: 0px; padding-left: 0px; padding-right: 0px; display: inline; border-top: 0px; border-right: 0px; padding-top: 0px\" title=\"24092012\" border=\"0\" alt=\"24092012\" src=\"http:\/\/www.anthealein.de\/wp-content\/uploads\/2012\/09\/24092012_thumb.jpg\" width=\"504\" height=\"504\" \/><\/a><\/p>\n<p align=\"center\">&#160;<\/p>\n<p align=\"justify\">Mal wieder Kinder:   <br \/>&#8211; Vor ein paar Tagen, Lena morgens: \u201cIch habe eine offene Blasenentz\u00fcndung am Hals!\u201d    <br \/>&#8211; Freitag morgen, halbe Stunde fernsehen, irgendein Beitrag \u00fcber Spinnen (Sesamstra\u00dfe? Maus? Elefant?). Pl\u00f6tzlich t\u00f6nt es von Lena: \u201cOoooh, guck mal. Wie nieeeeeeeedlich!\u201d. H\u00f6???    <br \/>&#8211; Gestern habe ich den Fehler gemacht und die Kinder gefragt, ob sie dieses Jahr einen selbstgebastelten oder einen gekauften Adventskalender m\u00f6chten. Beide waren sich einig: ich muss ran. Aber dann kamen die Sonderw\u00fcnsche. Lena: \u201cIch will einen mit Prinzessinnen. Und mit Rittern. Und einem Drachen! Und Meerjungfrauen drauf.\u201d. \u00c4h, ja. Jana war da gen\u00fcgsamer: \u201cMeiner soll Pferde drauf haben!\u201d. Ich fang dann mal an, glaube ich shock .<\/p>\n","protected":false},"excerpt":{"rendered":"<p>War nicht gestern noch Sommer? Und jetzt st\u00fcrmt es ums Haus und Lena wollte heute schon flei\u00dfig Kastanien sammeln. Davon konnte ich sie gerade noch abhalten, schlie\u00dflich wollten wir ja zur Augen\u00e4rztin. Gerade dem Bus am RNK entstiegen, fiel mir siedend hei\u00df ein, das ich keine \u00dcberweisung geholt hatte. Also 10 Euro Pfand da gelassen [&hellip;]<\/p>\n","protected":false},"author":1,"featured_media":0,"comment_status":"open","ping_status":"open","sticky":false,"template":"","format":"standard","meta":{"footnotes":""},"categories":[3],"tags":[],"class_list":["post-8188","post","type-post","status-publish","format-standard","hentry","category-alles-mogliche"],"_links":{"self":[{"href":"https:\/\/www.anthealein.de\/index.php?rest_route=\/wp\/v2\/posts\/8188","targetHints":{"allow":["GET"]}}],"collection":[{"href":"https:\/\/www.anthealein.de\/index.php?rest_route=\/wp\/v2\/posts"}],"about":[{"href":"https:\/\/www.anthealein.de\/index.php?rest_route=\/wp\/v2\/types\/post"}],"author":[{"embeddable":true,"href":"https:\/\/www.anthealein.de\/index.php?rest_route=\/wp\/v2\/users\/1"}],"replies":[{"embeddable":true,"href":"https:\/\/www.anthealein.de\/index.php?rest_route=%2Fwp%2Fv2%2Fcomments&post=8188"}],"version-history":[{"count":2,"href":"https:\/\/www.anthealein.de\/index.php?rest_route=\/wp\/v2\/posts\/8188\/revisions"}],"predecessor-version":[{"id":8190,"href":"https:\/\/www.anthealein.de\/index.php?rest_route=\/wp\/v2\/posts\/8188\/revisions\/8190"}],"wp:attachment":[{"href":"https:\/\/www.anthealein.de\/index.php?rest_route=%2Fwp%2Fv2%2Fmedia&parent=8188"}],"wp:term":[{"taxonomy":"category","embeddable":true,"href":"https:\/\/www.anthealein.de\/index.php?rest_route=%2Fwp%2Fv2%2Fcategories&post=8188"},{"taxonomy":"post_tag","embeddable":true,"href":"https:\/\/www.anthealein.de\/index.php?rest_route=%2Fwp%2Fv2%2Ftags&post=8188"}],"curies":[{"name":"wp","href":"https:\/\/api.w.org\/{rel}","templated":true}]}}