{"id":8115,"date":"2012-09-13T20:56:14","date_gmt":"2012-09-13T19:56:14","guid":{"rendered":"http:\/\/www.anthealein.de\/?p=8115"},"modified":"2012-09-13T20:56:14","modified_gmt":"2012-09-13T19:56:14","slug":"nach-der-verabschiedungsfeier-vor-ein-paar-wochen","status":"publish","type":"post","link":"https:\/\/www.anthealein.de\/?p=8115","title":{"rendered":"Nach der Verabschiedungsfeier vor ein paar Wochen &hellip;"},"content":{"rendered":"<p align=\"justify\">\u2026 gab es heute die \u201cWillkommensfeier\u201d. Zwei Kinder aus Lenas Gruppe blieben in der gelben Gruppe (der \u201cAnf\u00e4nger\u201d-Gruppe), daf\u00fcr kamen drei Kinder dazu, die jetzt ihrerseits die blaue Gruppe wiederholen. Ausgerechnet drei meiner Lieblingskinder <img decoding=\"async\" style=\"border-bottom-style: none; border-left-style: none; border-top-style: none; border-right-style: none\" class=\"wlEmoticon wlEmoticon-openmouthedsmile\" alt=\"Smiley mit ge\u00f6ffnetem Mund\" src=\"http:\/\/www.anthealein.de\/wp-content\/uploads\/2012\/09\/wlEmoticon-openmouthedsmile1.png\" \/> . Und damit sich dann mal die Mamas in Ruhe kennenlernen k\u00f6nnen (als w\u00fcrde man die beiden M\u00fctter nicht schon aus Janas Kigazeiten kennen), gab es heute fr\u00f6hliches Kaffee trinken f\u00fcr die M\u00fctter und fr\u00f6hliches Toben f\u00fcr die Kinder. Nett war es und die kleine F. ist immer noch so ein ruhiges Strahlebaby wie beim letzten Mal.<\/p>\n<p align=\"justify\">&#160;<\/p>\n<p align=\"center\"><a href=\"http:\/\/www.anthealein.de\/wp-content\/uploads\/2012\/09\/13092012.jpg\"><img loading=\"lazy\" decoding=\"async\" style=\"background-image: none; border-bottom: 0px; border-left: 0px; padding-left: 0px; padding-right: 0px; display: inline; border-top: 0px; border-right: 0px; padding-top: 0px\" title=\"13092012\" border=\"0\" alt=\"13092012\" src=\"http:\/\/www.anthealein.de\/wp-content\/uploads\/2012\/09\/13092012_thumb.jpg\" width=\"504\" height=\"504\" \/><\/a><\/p>\n<p align=\"center\">&#160;<\/p>\n<p align=\"center\"><a href=\"http:\/\/www.anthealein.de\/wp-content\/uploads\/2012\/09\/13092012II.jpg\"><img loading=\"lazy\" decoding=\"async\" style=\"background-image: none; border-bottom: 0px; border-left: 0px; padding-left: 0px; padding-right: 0px; display: inline; border-top: 0px; border-right: 0px; padding-top: 0px\" title=\"13092012II\" border=\"0\" alt=\"13092012II\" src=\"http:\/\/www.anthealein.de\/wp-content\/uploads\/2012\/09\/13092012II_thumb.jpg\" width=\"504\" height=\"504\" \/><\/a><\/p>\n","protected":false},"excerpt":{"rendered":"<p>\u2026 gab es heute die \u201cWillkommensfeier\u201d. Zwei Kinder aus Lenas Gruppe blieben in der gelben Gruppe (der \u201cAnf\u00e4nger\u201d-Gruppe), daf\u00fcr kamen drei Kinder dazu, die jetzt ihrerseits die blaue Gruppe wiederholen. Ausgerechnet drei meiner Lieblingskinder . Und damit sich dann mal die Mamas in Ruhe kennenlernen k\u00f6nnen (als w\u00fcrde man die beiden M\u00fctter nicht schon aus [&hellip;]<\/p>\n","protected":false},"author":1,"featured_media":0,"comment_status":"open","ping_status":"open","sticky":false,"template":"","format":"standard","meta":{"footnotes":""},"categories":[3],"tags":[],"class_list":["post-8115","post","type-post","status-publish","format-standard","hentry","category-alles-mogliche"],"_links":{"self":[{"href":"https:\/\/www.anthealein.de\/index.php?rest_route=\/wp\/v2\/posts\/8115","targetHints":{"allow":["GET"]}}],"collection":[{"href":"https:\/\/www.anthealein.de\/index.php?rest_route=\/wp\/v2\/posts"}],"about":[{"href":"https:\/\/www.anthealein.de\/index.php?rest_route=\/wp\/v2\/types\/post"}],"author":[{"embeddable":true,"href":"https:\/\/www.anthealein.de\/index.php?rest_route=\/wp\/v2\/users\/1"}],"replies":[{"embeddable":true,"href":"https:\/\/www.anthealein.de\/index.php?rest_route=%2Fwp%2Fv2%2Fcomments&post=8115"}],"version-history":[{"count":1,"href":"https:\/\/www.anthealein.de\/index.php?rest_route=\/wp\/v2\/posts\/8115\/revisions"}],"predecessor-version":[{"id":8116,"href":"https:\/\/www.anthealein.de\/index.php?rest_route=\/wp\/v2\/posts\/8115\/revisions\/8116"}],"wp:attachment":[{"href":"https:\/\/www.anthealein.de\/index.php?rest_route=%2Fwp%2Fv2%2Fmedia&parent=8115"}],"wp:term":[{"taxonomy":"category","embeddable":true,"href":"https:\/\/www.anthealein.de\/index.php?rest_route=%2Fwp%2Fv2%2Fcategories&post=8115"},{"taxonomy":"post_tag","embeddable":true,"href":"https:\/\/www.anthealein.de\/index.php?rest_route=%2Fwp%2Fv2%2Ftags&post=8115"}],"curies":[{"name":"wp","href":"https:\/\/api.w.org\/{rel}","templated":true}]}}