{"id":7949,"date":"2012-08-27T20:22:23","date_gmt":"2012-08-27T19:22:23","guid":{"rendered":"http:\/\/www.anthealein.de\/?p=7949"},"modified":"2012-08-27T20:22:24","modified_gmt":"2012-08-27T19:22:24","slug":"schubidubidu-oder-so","status":"publish","type":"post","link":"https:\/\/www.anthealein.de\/?p=7949","title":{"rendered":"Schubidubidu &hellip; Oder so &hellip;"},"content":{"rendered":"<p align=\"justify\">Jupp, ich muss eindeutig mal mit dem Neurologen im November (n\u00e4chster Termin) \u00fcber einen Wechsel der Basistherapie sprechen. Hab mich die letzten Tage schon gewundert, ob meine F\u00fc\u00dfe gewachsen oder der Schuh geschrumpft ist, weil ich immer das Gef\u00fchl von eingezw\u00e4ngter kleiner Zehe (und Zeh daneben) hatte. Heute dann v\u00f6llig ohne Schuhe das Gleiche und als w\u00e4re eine Falte oder ein Wollfaden in der Socke eingeklemmt. Keine Panik, das sitz ich aus. Ein Mal im halben Jahr Cortison reicht mir und bei so einer Kleinigkeit w\u00fcrde mein Neuro mir auch den Piepvogel zeigen <img decoding=\"async\" style=\"border-bottom-style: none; border-left-style: none; border-top-style: none; border-right-style: none\" class=\"wlEmoticon wlEmoticon-smile\" alt=\"Smiley\" src=\"http:\/\/www.anthealein.de\/wp-content\/uploads\/2012\/08\/wlEmoticon-smile7.png\" \/> . <\/p>\n<p align=\"justify\">Gaaaanz langsam haben wir heute mal angefangen, die Schultasche auf Vordermann zu bringen. Ein paar Tage hat Jana zwar noch, aber in einer Woche beginnt der Spa\u00df endlich wieder. Donnerstag werden wir alle in die Stadt laufen und die letzten Reste besorgen. Und f\u00fcr Lena gibt es dann neue Hausschuhe, die braucht sie n\u00e4mlich noch. <\/p>\n<p align=\"justify\">&#160;<\/p>\n<p align=\"center\"><a href=\"http:\/\/www.anthealein.de\/wp-content\/uploads\/2012\/08\/27082012.jpg\"><img loading=\"lazy\" decoding=\"async\" style=\"background-image: none; border-bottom: 0px; border-left: 0px; padding-left: 0px; padding-right: 0px; display: inline; border-top: 0px; border-right: 0px; padding-top: 0px\" title=\"27082012\" border=\"0\" alt=\"27082012\" src=\"http:\/\/www.anthealein.de\/wp-content\/uploads\/2012\/08\/27082012_thumb.jpg\" width=\"504\" height=\"504\" \/><\/a><\/p>\n","protected":false},"excerpt":{"rendered":"<p>Jupp, ich muss eindeutig mal mit dem Neurologen im November (n\u00e4chster Termin) \u00fcber einen Wechsel der Basistherapie sprechen. Hab mich die letzten Tage schon gewundert, ob meine F\u00fc\u00dfe gewachsen oder der Schuh geschrumpft ist, weil ich immer das Gef\u00fchl von eingezw\u00e4ngter kleiner Zehe (und Zeh daneben) hatte. Heute dann v\u00f6llig ohne Schuhe das Gleiche und [&hellip;]<\/p>\n","protected":false},"author":1,"featured_media":0,"comment_status":"open","ping_status":"open","sticky":false,"template":"","format":"standard","meta":{"footnotes":""},"categories":[3],"tags":[],"class_list":["post-7949","post","type-post","status-publish","format-standard","hentry","category-alles-mogliche"],"_links":{"self":[{"href":"https:\/\/www.anthealein.de\/index.php?rest_route=\/wp\/v2\/posts\/7949","targetHints":{"allow":["GET"]}}],"collection":[{"href":"https:\/\/www.anthealein.de\/index.php?rest_route=\/wp\/v2\/posts"}],"about":[{"href":"https:\/\/www.anthealein.de\/index.php?rest_route=\/wp\/v2\/types\/post"}],"author":[{"embeddable":true,"href":"https:\/\/www.anthealein.de\/index.php?rest_route=\/wp\/v2\/users\/1"}],"replies":[{"embeddable":true,"href":"https:\/\/www.anthealein.de\/index.php?rest_route=%2Fwp%2Fv2%2Fcomments&post=7949"}],"version-history":[{"count":1,"href":"https:\/\/www.anthealein.de\/index.php?rest_route=\/wp\/v2\/posts\/7949\/revisions"}],"predecessor-version":[{"id":7950,"href":"https:\/\/www.anthealein.de\/index.php?rest_route=\/wp\/v2\/posts\/7949\/revisions\/7950"}],"wp:attachment":[{"href":"https:\/\/www.anthealein.de\/index.php?rest_route=%2Fwp%2Fv2%2Fmedia&parent=7949"}],"wp:term":[{"taxonomy":"category","embeddable":true,"href":"https:\/\/www.anthealein.de\/index.php?rest_route=%2Fwp%2Fv2%2Fcategories&post=7949"},{"taxonomy":"post_tag","embeddable":true,"href":"https:\/\/www.anthealein.de\/index.php?rest_route=%2Fwp%2Fv2%2Ftags&post=7949"}],"curies":[{"name":"wp","href":"https:\/\/api.w.org\/{rel}","templated":true}]}}