{"id":7748,"date":"2012-08-06T20:19:37","date_gmt":"2012-08-06T19:19:37","guid":{"rendered":"http:\/\/www.anthealein.de\/?p=7748"},"modified":"2012-08-06T20:19:37","modified_gmt":"2012-08-06T19:19:37","slug":"was-fr-ein-tag","status":"publish","type":"post","link":"https:\/\/www.anthealein.de\/?p=7748","title":{"rendered":"Was f&uuml;r ein Tag &hellip;"},"content":{"rendered":"<p align=\"justify\">Ich f\u00fcrchte, ich muss ein wenig weiter ausholen. <\/p>\n<p align=\"justify\">Letzte Woche beschlossen Chris und ich, w\u00e4hrend seines Urlaubs die Kinderzimmer umzur\u00e4umen. Jana soll ins Spielzimmer ziehen, Lena in Janas Zimmer (nachdem dort gestrichen wurde, da war ja der Wasserschaden) und Lenas Zimmer soll Spielzeugabstellkammer werden. Das alleine wird schon eine logistische Herausforderung und ich muss vorher gr\u00fcndlich ausmisten. <\/p>\n<p align=\"justify\">Noch dazu konnte ich meine Finger nicht bei mir behalten und habe letzte Woche ein Bett f\u00fcr Lena ersteigert (Prinzessinenbett, selbstgebaut, Trofast-Regal als Treppe konnte man g\u00fcnstig dazu bekommen). In Delmenhorst und Peter war Samstag so lieb, mit Chris dahin zu fahren und das Bett zu holen. Dauerte Stunden, da weit \u00fcber 100 Schrauben verbaut *g*. Und statt dem urspr\u00fcnglichen Plan, es noch in Lenas altem Zimmer aufzubauen, lagern die Teile jetzt ebenfalls im \u00fcberf\u00fcllten Spielzimmer. Daf\u00fcr schl\u00e4ft Lena nur noch auf einer Matratze, weil Chris ihr altes Bett schon abgebaut hat und sie es auch partout nicht mehr haben will. <\/p>\n<p align=\"justify\">Gestern haben wir dann ja Geburtstag gefeiert bei Oma und Opa und sowohl Chris als auch ich klagten Abends \u00fcber R\u00fcckenschmerzen. Bei mir nur das 4-w\u00f6chige Nerven, das mich jedes Mal an den Rand des max. Schmerzmittelkonsums f\u00fchrt, bei Chris die Probleme die er schon seit Monaten hat. Jedes Mal renkt der Arzt ihn ein, schreibt ihn 1-2 Wochen krank und schickt ihn wieder arbeiten. Na ja, diesmal wurden die Arme und H\u00e4nde taub und ich fand es gar nicht gut, das er heute Morgen zur Arbeit statt zum Arzt wanderte. <\/p>\n<p align=\"justify\">Wie gesagt: Chris heute morgen zur Arbeit, Lena in den Kindergarten. Mit Jana fuhr ich kurz bei Netto vorbei, bevor ich sie zum Sportforum brachte um Skateboard fahren zu lernen. Sie beschwerte sich beim Ankommen schon, das ihr kalt w\u00e4re. Also versprach ich, nach einem kurzen Abstecher zu Lidl noch eine Jacke vorbei zu bringen. Lidl, Hause, Sportforum.<\/p>\n<p align=\"justify\">Dort brummte mein Handy und vermeldete Chris\u2019 Frage, ob man bei meinem Internisten auch ohne Termin vorbei k\u00f6nne. Ha, wusste ich es doch! Ihm also geantwortet, nebenbei dem Kind die Jacke gegeben und die Betreuer gefragt, wann denn eigentlich Abholzeit ist. 12 Uhr, hie\u00df es.<\/p>\n<p align=\"justify\">Wieder nach Hause. Chris begr\u00fc\u00dft, der sich entschied erst um 15 Uhr zum Arzt zu gehen, weil es schon zu sp\u00e4t war um noch p\u00fcnktlich vor der Mittagspause einzutreffen. Kurz mit M. telefoniert, deren Sohn auch beim Skateboard war und um sie zu fragen, ob ich ihren Sohnemann mitbringen soll. Tja, sie hatte als Abholzeit 14 Uhr gesagt bekommen. Ihr Mann und ich trafen uns also um 12 Uhr NOCHMAL am Sportforum, weil wir uns nicht sicher waren, welche Zeit stimmt. Wussten die Betreuer allerdings auch nicht, sie w\u00fcrden aber gerne bis 14 Uhr machen. Also wieder ins Auto und Chris informiert, das ich noch schnell bei Marktkauf vorbei fahre. Eingekauft und w\u00e4hrend alles darauf wartete, das der gro\u00dfe Regen wieder aufh\u00f6rte, klingelte mein Handy. Der gro\u00dfe Regen hatte zum Abbruch des Skateboard-Trainings gef\u00fchrt und diesmal war J.\u2019s Papa so nett, Jana mitzunehmen. Und dann zum Gl\u00fcck auch so nett, sie noch mit zu J. zu nehmen. Weil: Chris musste mir dann mit Lena zu Hilfe kommen. <\/p>\n<p align=\"justify\">Von Marktkauf aus f\u00fchrt eine Stra\u00dfe zur Osttangente. Am Ende ein Stoppschild (das ich nat\u00fcrlich immer brav beachte). Ich steh also, sehe im R\u00fcckspiegel noch ein schwarzes Auto zu schnell auf mich zu kommen und schon knallte es. Mein erster Unfall am Steuer eines Autos, f\u00fcr den jungen Fahrer des nigelnagelneuen BMWs (Papa) ebenfalls. Also: Chris angerufen und um Hilfe gebeten *g*. Wir fuhren die Autos erst mal aus dem Weg, Papa wurde angerufen, Daten ausgetauscht, flei\u00dfig fotografiert. Tja. Und unser KFZ-Mechaniker hat mal eben einen wirtschaftlichen Totalschaden festgestellt. <\/p>\n<p align=\"justify\">Chris\u2019 Arzt stellte bei ihm auch erst mal fest, das er die Woche zu Hause bleiben darf, zum MRT muss und ab morgen mit mir zusammen Krankengymnastik machen darf. Stefan darf sich morgen auch gleich meine Schultern und meinen Nacken vornehmen, denen DER Aufprall nat\u00fcrlich auch nicht gefallen hat. Eben so wenig wie meinen Beinen, die sich einen Spa\u00df daraus machen, sich jetzt wieder taub zu stellen. <\/p>\n<p align=\"justify\">Und weil es so sch\u00f6n ist, hatte ich gestern noch bei Ebay Kleinanzeigen Lenas altes Bett reingestellt und nat\u00fcrlich kam heute Abend eine Anfrage nach der n\u00e4chsten rein. Als ob wir heute sonst nichts zu tun gehabt h\u00e4tten shock . <\/p>\n<p align=\"justify\">&#160;<\/p>\n<p align=\"center\"><a href=\"http:\/\/www.anthealein.de\/wp-content\/uploads\/2012\/08\/06082012.jpg\"><img loading=\"lazy\" decoding=\"async\" style=\"background-image: none; border-bottom: 0px; border-left: 0px; padding-left: 0px; padding-right: 0px; display: inline; border-top: 0px; border-right: 0px; padding-top: 0px\" title=\"06082012\" border=\"0\" alt=\"06082012\" src=\"http:\/\/www.anthealein.de\/wp-content\/uploads\/2012\/08\/06082012_thumb.jpg\" width=\"504\" height=\"504\" \/><\/a>    <br \/>Wohlgemerkt: ICH hatte das Auto brav an der Haltelinie abgebremst. <\/p>\n<p align=\"center\">&#160;<\/p>\n<p align=\"center\"><a href=\"http:\/\/www.anthealein.de\/wp-content\/uploads\/2012\/08\/06082012II.jpg\"><img loading=\"lazy\" decoding=\"async\" style=\"background-image: none; border-bottom: 0px; border-left: 0px; padding-left: 0px; padding-right: 0px; display: inline; border-top: 0px; border-right: 0px; padding-top: 0px\" title=\"06082012II\" border=\"0\" alt=\"06082012II\" src=\"http:\/\/www.anthealein.de\/wp-content\/uploads\/2012\/08\/06082012II_thumb.jpg\" width=\"504\" height=\"504\" \/><\/a><\/p>\n<p align=\"center\">&#160;<\/p>\n<p align=\"center\"><a href=\"http:\/\/www.anthealein.de\/wp-content\/uploads\/2012\/08\/06082012III.jpg\"><img loading=\"lazy\" decoding=\"async\" style=\"background-image: none; border-bottom: 0px; border-left: 0px; padding-left: 0px; padding-right: 0px; display: inline; border-top: 0px; border-right: 0px; padding-top: 0px\" title=\"06082012III\" border=\"0\" alt=\"06082012III\" src=\"http:\/\/www.anthealein.de\/wp-content\/uploads\/2012\/08\/06082012III_thumb.jpg\" width=\"504\" height=\"504\" \/><\/a><\/p>\n","protected":false},"excerpt":{"rendered":"<p>Ich f\u00fcrchte, ich muss ein wenig weiter ausholen. Letzte Woche beschlossen Chris und ich, w\u00e4hrend seines Urlaubs die Kinderzimmer umzur\u00e4umen. Jana soll ins Spielzimmer ziehen, Lena in Janas Zimmer (nachdem dort gestrichen wurde, da war ja der Wasserschaden) und Lenas Zimmer soll Spielzeugabstellkammer werden. Das alleine wird schon eine logistische Herausforderung und ich muss vorher [&hellip;]<\/p>\n","protected":false},"author":1,"featured_media":0,"comment_status":"open","ping_status":"open","sticky":false,"template":"","format":"standard","meta":{"footnotes":""},"categories":[3],"tags":[],"class_list":["post-7748","post","type-post","status-publish","format-standard","hentry","category-alles-mogliche"],"_links":{"self":[{"href":"https:\/\/www.anthealein.de\/index.php?rest_route=\/wp\/v2\/posts\/7748","targetHints":{"allow":["GET"]}}],"collection":[{"href":"https:\/\/www.anthealein.de\/index.php?rest_route=\/wp\/v2\/posts"}],"about":[{"href":"https:\/\/www.anthealein.de\/index.php?rest_route=\/wp\/v2\/types\/post"}],"author":[{"embeddable":true,"href":"https:\/\/www.anthealein.de\/index.php?rest_route=\/wp\/v2\/users\/1"}],"replies":[{"embeddable":true,"href":"https:\/\/www.anthealein.de\/index.php?rest_route=%2Fwp%2Fv2%2Fcomments&post=7748"}],"version-history":[{"count":1,"href":"https:\/\/www.anthealein.de\/index.php?rest_route=\/wp\/v2\/posts\/7748\/revisions"}],"predecessor-version":[{"id":7749,"href":"https:\/\/www.anthealein.de\/index.php?rest_route=\/wp\/v2\/posts\/7748\/revisions\/7749"}],"wp:attachment":[{"href":"https:\/\/www.anthealein.de\/index.php?rest_route=%2Fwp%2Fv2%2Fmedia&parent=7748"}],"wp:term":[{"taxonomy":"category","embeddable":true,"href":"https:\/\/www.anthealein.de\/index.php?rest_route=%2Fwp%2Fv2%2Fcategories&post=7748"},{"taxonomy":"post_tag","embeddable":true,"href":"https:\/\/www.anthealein.de\/index.php?rest_route=%2Fwp%2Fv2%2Ftags&post=7748"}],"curies":[{"name":"wp","href":"https:\/\/api.w.org\/{rel}","templated":true}]}}