{"id":7670,"date":"2012-07-30T19:49:05","date_gmt":"2012-07-30T18:49:05","guid":{"rendered":"http:\/\/www.anthealein.de\/?p=7670"},"modified":"2012-07-30T19:49:05","modified_gmt":"2012-07-30T18:49:05","slug":"es-wird-freu","status":"publish","type":"post","link":"https:\/\/www.anthealein.de\/?p=7670","title":{"rendered":"Es wird *freu* &hellip;"},"content":{"rendered":"<p align=\"justify\">Eine Woche und 600 mg Cortison sp\u00e4ter wird es so langsam aber deutlich mit dem Schub. Nicht immer, aber immer \u00f6fter kann ich anst\u00e4ndig schauen und auch der Schwindel ist deutlich besser. JETZT versteh ich auch, wieso einige so auf Cortison schw\u00f6ren. Schnell genug eingenommen, hilft es tats\u00e4chlich. Aber, wenn da nicht das dicke \u201cAber\u201d w\u00e4re. Gewichtszunahme (ok, das st\u00f6rt mich nicht), Wassereinlagerungen, Vollmondgesicht, kaputte Mundschleimhaut (wobei die auch vom Antibiotika kommen k\u00f6nnte), mal wieder Geschmacksver\u00e4nderungen, allgemeine Matt- und Schlappheit. Und weil es so einen Spa\u00df macht, mucken meine Beine auch mal wieder mehr oder weniger mit. Als dann Freitag auch noch die Urologie Praxis anrief und mich dar\u00fcber informierte, das ich NOCH ein anderes Antibiotika dazu nehmen sollte, hatte ich eigentlich die Schnauze voll. Heute habe ich mir das Rezept und das Medikament abgeholt und war dann doch vers\u00f6hnt. Ein Beutel Granulat, aufzul\u00f6sen in einem Glas Wasser und einmalig zu trinken. Das geht ja noch *g*. Ab \u00fcbermorgen brauche ich nur noch eine Tablette am Tag von dem Langzeitantibiotika und am Freitag sehe ich den Arzt auch mal wieder. <\/p>\n<p align=\"justify\">Jana langweilt sich mehr oder weniger gepflegt durch die Ferien und Lena wetteifert mit ihrer Freundin um den ersten Platz in der Kategorie \u201cWer baut den gr\u00f6\u00dften Mist\u201d im Kindergarten. Letzte Woche wurde die Zahnpastatube gemeinschaftlich geklaut und \u00fcber Legosteinen und B\u00fcchern ausgeleert (DIE Strafpredigt von mir bez\u00fcglich der B\u00fccher hatte sich gewaschen). Heute durften die beiden erst nach Hause, nachdem sie beim Aufr\u00e4umen geholfen hatten. Bei DEM Chaos w\u00e4re ICH auch vorher nicht gegangen. Und, und, und. Es ist nur eine Phase, es ist nur eine Phase *ommmmmmmm*.<\/p>\n<p align=\"justify\">&#160;<\/p>\n<p align=\"center\"><a href=\"http:\/\/www.anthealein.de\/wp-content\/uploads\/2012\/07\/30072012.jpg\"><img loading=\"lazy\" decoding=\"async\" style=\"background-image: none; border-bottom: 0px; border-left: 0px; padding-left: 0px; padding-right: 0px; display: inline; border-top: 0px; border-right: 0px; padding-top: 0px\" title=\"30072012\" border=\"0\" alt=\"30072012\" src=\"http:\/\/www.anthealein.de\/wp-content\/uploads\/2012\/07\/30072012_thumb.jpg\" width=\"504\" height=\"504\" \/><\/a>    <br \/>W\u00e4hrend ich f\u00fcr Jana ein paar Luftmaschen machen sollte, wollte Lena mich mit den H\u00e4kelnadeln \u201cversch\u00f6nern\u201d. K\u00f6pfe abschneiden kann Jana gut *g*.<\/p>\n<p align=\"center\">&#160;<\/p>\n<p align=\"center\"><a href=\"http:\/\/www.anthealein.de\/wp-content\/uploads\/2012\/07\/30072012II.jpg\"><img loading=\"lazy\" decoding=\"async\" style=\"background-image: none; border-bottom: 0px; border-left: 0px; padding-left: 0px; padding-right: 0px; display: inline; border-top: 0px; border-right: 0px; padding-top: 0px\" title=\"30072012II\" border=\"0\" alt=\"30072012II\" src=\"http:\/\/www.anthealein.de\/wp-content\/uploads\/2012\/07\/30072012II_thumb.jpg\" width=\"504\" height=\"504\" \/><\/a><\/p>\n<p align=\"center\">&#160;<\/p>\n<p align=\"center\"><a href=\"http:\/\/www.anthealein.de\/wp-content\/uploads\/2012\/07\/30072012III.jpg\"><img loading=\"lazy\" decoding=\"async\" style=\"background-image: none; border-bottom: 0px; border-left: 0px; padding-left: 0px; padding-right: 0px; display: inline; border-top: 0px; border-right: 0px; padding-top: 0px\" title=\"30072012III\" border=\"0\" alt=\"30072012III\" src=\"http:\/\/www.anthealein.de\/wp-content\/uploads\/2012\/07\/30072012III_thumb.jpg\" width=\"504\" height=\"504\" \/><\/a><\/p>\n","protected":false},"excerpt":{"rendered":"<p>Eine Woche und 600 mg Cortison sp\u00e4ter wird es so langsam aber deutlich mit dem Schub. Nicht immer, aber immer \u00f6fter kann ich anst\u00e4ndig schauen und auch der Schwindel ist deutlich besser. JETZT versteh ich auch, wieso einige so auf Cortison schw\u00f6ren. Schnell genug eingenommen, hilft es tats\u00e4chlich. Aber, wenn da nicht das dicke \u201cAber\u201d [&hellip;]<\/p>\n","protected":false},"author":1,"featured_media":0,"comment_status":"open","ping_status":"open","sticky":false,"template":"","format":"standard","meta":{"footnotes":""},"categories":[3],"tags":[],"class_list":["post-7670","post","type-post","status-publish","format-standard","hentry","category-alles-mogliche"],"_links":{"self":[{"href":"https:\/\/www.anthealein.de\/index.php?rest_route=\/wp\/v2\/posts\/7670","targetHints":{"allow":["GET"]}}],"collection":[{"href":"https:\/\/www.anthealein.de\/index.php?rest_route=\/wp\/v2\/posts"}],"about":[{"href":"https:\/\/www.anthealein.de\/index.php?rest_route=\/wp\/v2\/types\/post"}],"author":[{"embeddable":true,"href":"https:\/\/www.anthealein.de\/index.php?rest_route=\/wp\/v2\/users\/1"}],"replies":[{"embeddable":true,"href":"https:\/\/www.anthealein.de\/index.php?rest_route=%2Fwp%2Fv2%2Fcomments&post=7670"}],"version-history":[{"count":1,"href":"https:\/\/www.anthealein.de\/index.php?rest_route=\/wp\/v2\/posts\/7670\/revisions"}],"predecessor-version":[{"id":7671,"href":"https:\/\/www.anthealein.de\/index.php?rest_route=\/wp\/v2\/posts\/7670\/revisions\/7671"}],"wp:attachment":[{"href":"https:\/\/www.anthealein.de\/index.php?rest_route=%2Fwp%2Fv2%2Fmedia&parent=7670"}],"wp:term":[{"taxonomy":"category","embeddable":true,"href":"https:\/\/www.anthealein.de\/index.php?rest_route=%2Fwp%2Fv2%2Fcategories&post=7670"},{"taxonomy":"post_tag","embeddable":true,"href":"https:\/\/www.anthealein.de\/index.php?rest_route=%2Fwp%2Fv2%2Ftags&post=7670"}],"curies":[{"name":"wp","href":"https:\/\/api.w.org\/{rel}","templated":true}]}}