{"id":7634,"date":"2012-07-25T20:43:40","date_gmt":"2012-07-25T19:43:40","guid":{"rendered":"http:\/\/www.anthealein.de\/?p=7634"},"modified":"2012-07-25T20:43:40","modified_gmt":"2012-07-25T19:43:40","slug":"7634","status":"publish","type":"post","link":"https:\/\/www.anthealein.de\/?p=7634","title":{"rendered":"&hellip;"},"content":{"rendered":"<p align=\"justify\">H\u00e4tte mir nicht jemand sagen k\u00f6nnen, das ich am 13.8. Neurotermin habe und nicht am 6.8.? Das Mittwoch Nachmittags \u00c4rzte geschlossen haben (h\u00e4tte mir einen Marsch in die Stadt erspart) und das ich Doppelbilder und keinen Doppelblick habe? Ich glaub, der Schub beeinflusst auch meine geistigen F\u00e4higkeiten shock . <\/p>\n<p align=\"justify\">&#160;<\/p>\n<p align=\"center\"><a href=\"http:\/\/www.anthealein.de\/wp-content\/uploads\/2012\/07\/25072012.jpg\"><img loading=\"lazy\" decoding=\"async\" style=\"background-image: none; border-bottom: 0px; border-left: 0px; padding-left: 0px; padding-right: 0px; display: inline; border-top: 0px; border-right: 0px; padding-top: 0px\" title=\"25072012\" border=\"0\" alt=\"25072012\" src=\"http:\/\/www.anthealein.de\/wp-content\/uploads\/2012\/07\/25072012_thumb.jpg\" width=\"504\" height=\"504\" \/><\/a><\/p>\n<p align=\"center\">&#160;<\/p>\n<p align=\"center\"><a href=\"http:\/\/www.anthealein.de\/wp-content\/uploads\/2012\/07\/25072012II.jpg\"><img loading=\"lazy\" decoding=\"async\" style=\"background-image: none; border-bottom: 0px; border-left: 0px; padding-left: 0px; padding-right: 0px; display: inline; border-top: 0px; border-right: 0px; padding-top: 0px\" title=\"25072012II\" border=\"0\" alt=\"25072012II\" src=\"http:\/\/www.anthealein.de\/wp-content\/uploads\/2012\/07\/25072012II_thumb.jpg\" width=\"504\" height=\"504\" \/><\/a>    <br \/>\u201cMama? K\u00f6nnen wir vor Weihnachten mit einer Axt kommen und den bei uns aufstellen?\u201d \u00c4h, n\u00f6.<\/p>\n<p align=\"center\">&#160;<\/p>\n<p align=\"center\"><a href=\"http:\/\/www.anthealein.de\/wp-content\/uploads\/2012\/07\/25072012III.jpg\"><img loading=\"lazy\" decoding=\"async\" style=\"background-image: none; border-bottom: 0px; border-left: 0px; padding-left: 0px; padding-right: 0px; display: inline; border-top: 0px; border-right: 0px; padding-top: 0px\" title=\"25072012III\" border=\"0\" alt=\"25072012III\" src=\"http:\/\/www.anthealein.de\/wp-content\/uploads\/2012\/07\/25072012III_thumb.jpg\" width=\"504\" height=\"504\" \/><\/a><\/p>\n<p align=\"center\">&#160;<\/p>\n<p align=\"center\"><a href=\"http:\/\/www.anthealein.de\/wp-content\/uploads\/2012\/07\/25072012IV.jpg\"><img loading=\"lazy\" decoding=\"async\" style=\"background-image: none; border-bottom: 0px; border-left: 0px; padding-left: 0px; padding-right: 0px; display: inline; border-top: 0px; border-right: 0px; padding-top: 0px\" title=\"25072012IV\" border=\"0\" alt=\"25072012IV\" src=\"http:\/\/www.anthealein.de\/wp-content\/uploads\/2012\/07\/25072012IV_thumb.jpg\" width=\"504\" height=\"504\" \/><\/a>    <br \/>Ein \u201cCars\u201d-Kindersonnenschirm. Dringend ben\u00f6tigt hier. Zusammen mit der 2. rosa Sonnenbrille diese Woche. Wir m\u00fcssen ein Sonnenbrillen hortendes Monster im Schrank haben.<\/p>\n","protected":false},"excerpt":{"rendered":"<p>H\u00e4tte mir nicht jemand sagen k\u00f6nnen, das ich am 13.8. Neurotermin habe und nicht am 6.8.? Das Mittwoch Nachmittags \u00c4rzte geschlossen haben (h\u00e4tte mir einen Marsch in die Stadt erspart) und das ich Doppelbilder und keinen Doppelblick habe? Ich glaub, der Schub beeinflusst auch meine geistigen F\u00e4higkeiten shock . &#160; &#160; \u201cMama? K\u00f6nnen wir vor [&hellip;]<\/p>\n","protected":false},"author":1,"featured_media":0,"comment_status":"open","ping_status":"open","sticky":false,"template":"","format":"standard","meta":{"footnotes":""},"categories":[3],"tags":[],"class_list":["post-7634","post","type-post","status-publish","format-standard","hentry","category-alles-mogliche"],"_links":{"self":[{"href":"https:\/\/www.anthealein.de\/index.php?rest_route=\/wp\/v2\/posts\/7634","targetHints":{"allow":["GET"]}}],"collection":[{"href":"https:\/\/www.anthealein.de\/index.php?rest_route=\/wp\/v2\/posts"}],"about":[{"href":"https:\/\/www.anthealein.de\/index.php?rest_route=\/wp\/v2\/types\/post"}],"author":[{"embeddable":true,"href":"https:\/\/www.anthealein.de\/index.php?rest_route=\/wp\/v2\/users\/1"}],"replies":[{"embeddable":true,"href":"https:\/\/www.anthealein.de\/index.php?rest_route=%2Fwp%2Fv2%2Fcomments&post=7634"}],"version-history":[{"count":1,"href":"https:\/\/www.anthealein.de\/index.php?rest_route=\/wp\/v2\/posts\/7634\/revisions"}],"predecessor-version":[{"id":7635,"href":"https:\/\/www.anthealein.de\/index.php?rest_route=\/wp\/v2\/posts\/7634\/revisions\/7635"}],"wp:attachment":[{"href":"https:\/\/www.anthealein.de\/index.php?rest_route=%2Fwp%2Fv2%2Fmedia&parent=7634"}],"wp:term":[{"taxonomy":"category","embeddable":true,"href":"https:\/\/www.anthealein.de\/index.php?rest_route=%2Fwp%2Fv2%2Fcategories&post=7634"},{"taxonomy":"post_tag","embeddable":true,"href":"https:\/\/www.anthealein.de\/index.php?rest_route=%2Fwp%2Fv2%2Ftags&post=7634"}],"curies":[{"name":"wp","href":"https:\/\/api.w.org\/{rel}","templated":true}]}}