{"id":7609,"date":"2012-07-23T21:25:12","date_gmt":"2012-07-23T20:25:12","guid":{"rendered":"http:\/\/www.anthealein.de\/?p=7609"},"modified":"2012-07-23T21:25:12","modified_gmt":"2012-07-23T20:25:12","slug":"so-langsam-reicht-es-mir","status":"publish","type":"post","link":"https:\/\/www.anthealein.de\/?p=7609","title":{"rendered":"So langsam reicht es mir &hellip;"},"content":{"rendered":"<p align=\"justify\">Heute morgen fuhr ich mit Jana zum Internisten (jaha, immer noch der HWI\/die HWIs). Wartezimmer brechend voll und angesichts des vor einigen Wochen angesetzten Hautarzttermins und der Tatsache, das ich wegen Rezepten eh noch beim Urologen vorbei musste, verzichtete ich auf den Internisten und fuhr weiter zum Urologen. Gab Probe ab, nahm Rezepte mit und schaute kurz beim Neurologen rein, um nach einem fr\u00fcheren Termin (habe am 6.8.) zu fragen. Tja, mein Neurologe hat neue Sprechstundenhilfen und die bekommen echt den Preis f\u00fcr die Ziegen der Nation. Am 8.8. h\u00e4tte ich von ihnen einen Termin haben k\u00f6nnen. Ich bezweifle, das mein Neuro das gut findet was die da vorne treiben, wenn&#160; er davon erf\u00e4hrt. Danach ging es mit Jana zur B\u00fccherei und von dort aus zur Haut\u00e4rztin.<\/p>\n<p align=\"justify\">Lena abgeholt und ab zum Wocheneinkauf (wir wollten ja auch noch ein wenig die Sonne genie\u00dfen sp\u00e4ter). Als wir wieder zu Hause waren, sah ich schon die Nummer des Urologen auf meinem Telefon. Leider hat die Praxis w\u00e4hrend der Sommerferien nur bis 15 Uhr ge\u00f6ffnet, erfuhr ich vom Anrufbeantworter. Die Praxis mag ja nur kurz ge\u00f6ffnet haben, mein Urologe arbeitet eindeutig l\u00e4nger. Der rief um kurz vor 16 Uhr an, um mich dar\u00fcber zu informieren, das ich nicht nur Bakterien im Urin h\u00e4tte. Das w\u00e4re ja einfach. Nein, Frau muss sich einen halben Zoo an Bakterien heranz\u00fcchten. Meint: ab morgen gibt es Langzeitantibiotika. Die erste Woche 2 Tabletten am Tag, danach eine Tablette am Tag. <\/p>\n<p align=\"justify\">Und weil es so sch\u00f6n ist und ich gestern noch so gro\u00df get\u00f6nt habe, das sich die Doppelbilder tags\u00fcber in Grenzen halten: n\u00f6, nicht mehr. In 12 Jahren MS-Karriere hab ich ganze 2 Mal eine Cortison-Sto\u00dftherapie erhalten, beide von den \u00c4rzten angeordnet. Aber morgen fr\u00fch steh ich beim Neuro auf der Matte und verlange ein Rezept. SO kann ich nicht mal anst\u00e4ndig meinen Haushalt erledigen, geschweige denn arbeiten. Ich will meinen Neuro nicht mal sehen, den Tropf w\u00fcrde der Internist mir anh\u00e4ngen. Die arbeiten zum Gl\u00fcck l\u00e4nger als meine Neurologiepraxis und die Sprechstundenhilfe konnte mir schon mal sagen, das ein ambulanter Tropf kein Problem w\u00e4re. Und das MRT Kopf kann mein Neuro dann gerne am 6.8. anordnen. Ich hab n\u00e4mlich vorhin nachgelesen, das Doppelbilder und Schwindel nicht bei einer Sehnerventz\u00fcndung auftreten, sondern bei einem Herd im Stammhirn. Wenn die Sprechstundehilfen sich morgen wieder querstellen, fahr ich zum Internisten und verhandele mit ihm (so wie ich ihn einsch\u00e4tze, w\u00fcrde er mir das Rezept auch geben) und meinem Neuro werde ich dann bei meinem Termin stecken, was f\u00fcr Sprechstundenhilfen er da seit Neuestem hat. Merkt man, das ich auf Krawall geb\u00fcrstet bin??? <\/p>\n<p align=\"justify\">*seufz*<\/p>\n<p align=\"justify\">&#160;<\/p>\n<p align=\"center\"><a href=\"http:\/\/www.anthealein.de\/wp-content\/uploads\/2012\/07\/23072012.jpg\"><img loading=\"lazy\" decoding=\"async\" style=\"background-image: none; border-bottom: 0px; border-left: 0px; padding-left: 0px; padding-right: 0px; display: inline; border-top: 0px; border-right: 0px; padding-top: 0px\" title=\"23072012\" border=\"0\" alt=\"23072012\" src=\"http:\/\/www.anthealein.de\/wp-content\/uploads\/2012\/07\/23072012_thumb.jpg\" width=\"504\" height=\"504\" \/><\/a><\/p>\n<p align=\"center\">&#160;<\/p>\n<p align=\"center\"><a href=\"http:\/\/www.anthealein.de\/wp-content\/uploads\/2012\/07\/23072012II.jpg\"><img loading=\"lazy\" decoding=\"async\" style=\"background-image: none; border-bottom: 0px; border-left: 0px; padding-left: 0px; padding-right: 0px; display: inline; border-top: 0px; border-right: 0px; padding-top: 0px\" title=\"23072012II\" border=\"0\" alt=\"23072012II\" src=\"http:\/\/www.anthealein.de\/wp-content\/uploads\/2012\/07\/23072012II_thumb.jpg\" width=\"504\" height=\"504\" \/><\/a><\/p>\n<p align=\"center\">&#160;<\/p>\n<p align=\"center\"><a href=\"http:\/\/www.anthealein.de\/wp-content\/uploads\/2012\/07\/23072012III.jpg\"><img loading=\"lazy\" decoding=\"async\" style=\"background-image: none; border-bottom: 0px; border-left: 0px; padding-left: 0px; padding-right: 0px; display: inline; border-top: 0px; border-right: 0px; padding-top: 0px\" title=\"23072012III\" border=\"0\" alt=\"23072012III\" src=\"http:\/\/www.anthealein.de\/wp-content\/uploads\/2012\/07\/23072012III_thumb.jpg\" width=\"504\" height=\"504\" \/><\/a><\/p>\n","protected":false},"excerpt":{"rendered":"<p>Heute morgen fuhr ich mit Jana zum Internisten (jaha, immer noch der HWI\/die HWIs). Wartezimmer brechend voll und angesichts des vor einigen Wochen angesetzten Hautarzttermins und der Tatsache, das ich wegen Rezepten eh noch beim Urologen vorbei musste, verzichtete ich auf den Internisten und fuhr weiter zum Urologen. Gab Probe ab, nahm Rezepte mit und [&hellip;]<\/p>\n","protected":false},"author":1,"featured_media":0,"comment_status":"open","ping_status":"open","sticky":false,"template":"","format":"standard","meta":{"footnotes":""},"categories":[3],"tags":[],"class_list":["post-7609","post","type-post","status-publish","format-standard","hentry","category-alles-mogliche"],"_links":{"self":[{"href":"https:\/\/www.anthealein.de\/index.php?rest_route=\/wp\/v2\/posts\/7609","targetHints":{"allow":["GET"]}}],"collection":[{"href":"https:\/\/www.anthealein.de\/index.php?rest_route=\/wp\/v2\/posts"}],"about":[{"href":"https:\/\/www.anthealein.de\/index.php?rest_route=\/wp\/v2\/types\/post"}],"author":[{"embeddable":true,"href":"https:\/\/www.anthealein.de\/index.php?rest_route=\/wp\/v2\/users\/1"}],"replies":[{"embeddable":true,"href":"https:\/\/www.anthealein.de\/index.php?rest_route=%2Fwp%2Fv2%2Fcomments&post=7609"}],"version-history":[{"count":1,"href":"https:\/\/www.anthealein.de\/index.php?rest_route=\/wp\/v2\/posts\/7609\/revisions"}],"predecessor-version":[{"id":7610,"href":"https:\/\/www.anthealein.de\/index.php?rest_route=\/wp\/v2\/posts\/7609\/revisions\/7610"}],"wp:attachment":[{"href":"https:\/\/www.anthealein.de\/index.php?rest_route=%2Fwp%2Fv2%2Fmedia&parent=7609"}],"wp:term":[{"taxonomy":"category","embeddable":true,"href":"https:\/\/www.anthealein.de\/index.php?rest_route=%2Fwp%2Fv2%2Fcategories&post=7609"},{"taxonomy":"post_tag","embeddable":true,"href":"https:\/\/www.anthealein.de\/index.php?rest_route=%2Fwp%2Fv2%2Ftags&post=7609"}],"curies":[{"name":"wp","href":"https:\/\/api.w.org\/{rel}","templated":true}]}}