{"id":7601,"date":"2012-07-22T20:39:55","date_gmt":"2012-07-22T19:39:55","guid":{"rendered":"http:\/\/www.anthealein.de\/?p=7601"},"modified":"2012-07-22T20:39:55","modified_gmt":"2012-07-22T19:39:55","slug":"da-luft-man-schon-ein-paar-jhrchen-mit-dieser-krankheit-rum","status":"publish","type":"post","link":"https:\/\/www.anthealein.de\/?p=7601","title":{"rendered":"Da l&auml;uft man schon ein paar J&auml;hrchen mit dieser Krankheit rum &hellip;"},"content":{"rendered":"<p align=\"justify\">\u2026 und ist doch manchmal so doof, als h\u00e4tte man sie seit gestern. Letzte Woche begann ja der Schwindel, genau beschreiben h\u00e4tte ich ihn nicht k\u00f6nnen. Mir fiel jedoch auf, das der Schwindel nachlie\u00df, wenn ich meinen Blick irgendwo fest tackern konnte. Dienstag mit dem Physio ein wenig rumprobiert und auch der ging eher von den Augen als Verursacher aus. Die letzten Tage ging es auch besser, wenn ich das rechte Auge zu machte. Aber ganz sicher war ich mir halt nicht, auch wenn es morgens mit noch m\u00fcden Augen schlimmer war als tags\u00fcber. So. Und dann hatte ich heute ganz fr\u00fch am Morgen das Vergn\u00fcgen, so einen Ausblick zu haben . Danach war es eigentlich klar *g*.<\/p>\n<p align=\"justify\">&#160;<\/p>\n<p align=\"center\"><a href=\"http:\/\/www.anthealein.de\/wp-content\/uploads\/2012\/07\/22072012II.jpg\"><img loading=\"lazy\" decoding=\"async\" style=\"background-image: none; border-bottom: 0px; border-left: 0px; padding-left: 0px; padding-right: 0px; display: inline; border-top: 0px; border-right: 0px; padding-top: 0px\" title=\"22072012II\" border=\"0\" alt=\"22072012II\" src=\"http:\/\/www.anthealein.de\/wp-content\/uploads\/2012\/07\/22072012II_thumb.jpg\" width=\"504\" height=\"504\" \/><\/a><\/p>\n<p align=\"center\">&#160;<\/p>\n<p align=\"justify\">Keine Panik, tags\u00fcber ist der Effekt nur minimal. Viel befahrene Stra\u00dfen zu \u00fcberqueren ist momentan kein Vergn\u00fcgen (da k\u00f6nnen meine Augen nicht schnell genug ausgleichen), aber ansonsten geht es.<\/p>\n<p align=\"justify\">Und ja *strike*, die Krankenkasse hat schon mal meine Physio genehmigt. Bis n\u00e4chstes Jahr im Juli darf ich so viel Physiotherapie machen wie ich m\u00f6chte. Das sollte ich auch nutzen <img decoding=\"async\" style=\"border-bottom-style: none; border-left-style: none; border-top-style: none; border-right-style: none\" class=\"wlEmoticon wlEmoticon-smile\" alt=\"Smiley\" src=\"http:\/\/www.anthealein.de\/wp-content\/uploads\/2012\/07\/wlEmoticon-smile5.png\" \/> .<\/p>\n<p align=\"justify\">&#160;<\/p>\n<p align=\"center\"><a href=\"http:\/\/www.anthealein.de\/wp-content\/uploads\/2012\/07\/22072012.jpg\"><img loading=\"lazy\" decoding=\"async\" style=\"background-image: none; border-bottom: 0px; border-left: 0px; padding-left: 0px; padding-right: 0px; display: inline; border-top: 0px; border-right: 0px; padding-top: 0px\" title=\"22072012\" border=\"0\" alt=\"22072012\" src=\"http:\/\/www.anthealein.de\/wp-content\/uploads\/2012\/07\/22072012_thumb.jpg\" width=\"504\" height=\"504\" \/><\/a><\/p>\n","protected":false},"excerpt":{"rendered":"<p>\u2026 und ist doch manchmal so doof, als h\u00e4tte man sie seit gestern. Letzte Woche begann ja der Schwindel, genau beschreiben h\u00e4tte ich ihn nicht k\u00f6nnen. Mir fiel jedoch auf, das der Schwindel nachlie\u00df, wenn ich meinen Blick irgendwo fest tackern konnte. Dienstag mit dem Physio ein wenig rumprobiert und auch der ging eher von [&hellip;]<\/p>\n","protected":false},"author":1,"featured_media":0,"comment_status":"open","ping_status":"open","sticky":false,"template":"","format":"standard","meta":{"footnotes":""},"categories":[3],"tags":[],"class_list":["post-7601","post","type-post","status-publish","format-standard","hentry","category-alles-mogliche"],"_links":{"self":[{"href":"https:\/\/www.anthealein.de\/index.php?rest_route=\/wp\/v2\/posts\/7601","targetHints":{"allow":["GET"]}}],"collection":[{"href":"https:\/\/www.anthealein.de\/index.php?rest_route=\/wp\/v2\/posts"}],"about":[{"href":"https:\/\/www.anthealein.de\/index.php?rest_route=\/wp\/v2\/types\/post"}],"author":[{"embeddable":true,"href":"https:\/\/www.anthealein.de\/index.php?rest_route=\/wp\/v2\/users\/1"}],"replies":[{"embeddable":true,"href":"https:\/\/www.anthealein.de\/index.php?rest_route=%2Fwp%2Fv2%2Fcomments&post=7601"}],"version-history":[{"count":1,"href":"https:\/\/www.anthealein.de\/index.php?rest_route=\/wp\/v2\/posts\/7601\/revisions"}],"predecessor-version":[{"id":7602,"href":"https:\/\/www.anthealein.de\/index.php?rest_route=\/wp\/v2\/posts\/7601\/revisions\/7602"}],"wp:attachment":[{"href":"https:\/\/www.anthealein.de\/index.php?rest_route=%2Fwp%2Fv2%2Fmedia&parent=7601"}],"wp:term":[{"taxonomy":"category","embeddable":true,"href":"https:\/\/www.anthealein.de\/index.php?rest_route=%2Fwp%2Fv2%2Fcategories&post=7601"},{"taxonomy":"post_tag","embeddable":true,"href":"https:\/\/www.anthealein.de\/index.php?rest_route=%2Fwp%2Fv2%2Ftags&post=7601"}],"curies":[{"name":"wp","href":"https:\/\/api.w.org\/{rel}","templated":true}]}}