{"id":7534,"date":"2012-07-11T20:29:29","date_gmt":"2012-07-11T19:29:29","guid":{"rendered":"http:\/\/www.anthealein.de\/?p=7534"},"modified":"2012-07-11T20:33:24","modified_gmt":"2012-07-11T19:33:24","slug":"ooooooookaaaaaaaaaayyyyyyyyyyyy","status":"publish","type":"post","link":"https:\/\/www.anthealein.de\/?p=7534","title":{"rendered":"Ooooooookaaaaaaaaaayyyyyyyyyyyy &hellip;"},"content":{"rendered":"<p align=\"justify\">Ich bin eine furchtbare Mutter (jedenfalls keine Vorzeigemutter *g*). Morgen steht f\u00fcr mich auf dem Plan: Arbeiten, Arzt 1 + Arzt 2 abklappern (nur Rezepte rausholen etc.), Einkauf, Physio und den Haushalt auf die Reihe bekommen. Freitag: bis 18 Uhr arbeiten. Und Samstag morgen darf ich 2 Gurkensalate machen, bevor ich zur Arbeit fahre. Jana soll um 11 Uhr zum Sommergrillfest bei ihrem Lehrer sein. Um 15 Uhr geht dann das Sommerfest im Kindergarten los. Ich mache um 15 Uhr Feierabend, damit ich Chris abl\u00f6sen kann, der wiederum Jana bei ihrem Lehrer wieder abholen muss. Theoretisch h\u00e4tte ich f\u00fcr das Sommerfest im Kindergarten auch noch Frikadellchen braten m\u00fcssen. Und da mutiere ich dann gerne zur furchtbaren Mutter (nein, ich geh\u00f6re nicht zu den M\u00fcttern die Abends um 23 Uhr noch die 3-st\u00f6ckige Sahnetorte f\u00fcr den Geburtstag ihrer Prinzessin vorbereiten): ich habe heute bei Netto einfach zu den guten Familienpaketen von Zimbo gegriffen und erspare mir die Braterei *g*. Und dann mach ich drei Kreuze, wenn s\u00e4mtliche Sommerfeste vorbei sind und endlich Ferien. Theoretisch w\u00e4re diesen Samstag auch noch das Fest des Schwimmvereins gewesen shock .<\/p>\n<p align=\"justify\">&#160;<\/p>\n<p align=\"justify\">Ach ja, und wieder mal darf jemand mit unserer Krankenkasse diskutieren. Diesmal geht es um sensomotorische Einlagen f\u00fcr Jana. Ich bin ja mal gespannt, ob die durchgehen. <\/p>\n<p align=\"justify\">&#160;<\/p>\n<p align=\"center\"><a href=\"http:\/\/www.anthealein.de\/wp-content\/uploads\/2012\/07\/11072012.jpg\"><img loading=\"lazy\" decoding=\"async\" style=\"background-image: none; border-bottom: 0px; border-left: 0px; padding-left: 0px; padding-right: 0px; display: inline; border-top: 0px; border-right: 0px; padding-top: 0px\" title=\"11072012\" border=\"0\" alt=\"11072012\" src=\"http:\/\/www.anthealein.de\/wp-content\/uploads\/2012\/07\/11072012_thumb.jpg\" width=\"504\" height=\"504\" \/><\/a><\/p>\n<p align=\"center\">&#160;<\/p>\n<p align=\"center\"><a href=\"http:\/\/www.anthealein.de\/wp-content\/uploads\/2012\/07\/11072012II.jpg\"><img loading=\"lazy\" decoding=\"async\" style=\"background-image: none; border-bottom: 0px; border-left: 0px; padding-left: 0px; padding-right: 0px; display: inline; border-top: 0px; border-right: 0px; padding-top: 0px\" title=\"11072012II\" border=\"0\" alt=\"11072012II\" src=\"http:\/\/www.anthealein.de\/wp-content\/uploads\/2012\/07\/11072012II_thumb.jpg\" width=\"504\" height=\"504\" \/><\/a>    <br \/>Lena soll morgen Erde mit zum Kindergarten nehmen. Daraufhin ich: \u201cWir holen uns eben eine Tupperdose und einen L\u00f6ffel und klauen ein wenig Erde im Hof.\u201d. Sie: \u201cIch schaufel und du klaust, ok?\u201d.<\/p>\n","protected":false},"excerpt":{"rendered":"<p>Ich bin eine furchtbare Mutter (jedenfalls keine Vorzeigemutter *g*). Morgen steht f\u00fcr mich auf dem Plan: Arbeiten, Arzt 1 + Arzt 2 abklappern (nur Rezepte rausholen etc.), Einkauf, Physio und den Haushalt auf die Reihe bekommen. Freitag: bis 18 Uhr arbeiten. Und Samstag morgen darf ich 2 Gurkensalate machen, bevor ich zur Arbeit fahre. Jana [&hellip;]<\/p>\n","protected":false},"author":1,"featured_media":0,"comment_status":"open","ping_status":"open","sticky":false,"template":"","format":"standard","meta":{"footnotes":""},"categories":[3],"tags":[],"class_list":["post-7534","post","type-post","status-publish","format-standard","hentry","category-alles-mogliche"],"_links":{"self":[{"href":"https:\/\/www.anthealein.de\/index.php?rest_route=\/wp\/v2\/posts\/7534","targetHints":{"allow":["GET"]}}],"collection":[{"href":"https:\/\/www.anthealein.de\/index.php?rest_route=\/wp\/v2\/posts"}],"about":[{"href":"https:\/\/www.anthealein.de\/index.php?rest_route=\/wp\/v2\/types\/post"}],"author":[{"embeddable":true,"href":"https:\/\/www.anthealein.de\/index.php?rest_route=\/wp\/v2\/users\/1"}],"replies":[{"embeddable":true,"href":"https:\/\/www.anthealein.de\/index.php?rest_route=%2Fwp%2Fv2%2Fcomments&post=7534"}],"version-history":[{"count":3,"href":"https:\/\/www.anthealein.de\/index.php?rest_route=\/wp\/v2\/posts\/7534\/revisions"}],"predecessor-version":[{"id":7537,"href":"https:\/\/www.anthealein.de\/index.php?rest_route=\/wp\/v2\/posts\/7534\/revisions\/7537"}],"wp:attachment":[{"href":"https:\/\/www.anthealein.de\/index.php?rest_route=%2Fwp%2Fv2%2Fmedia&parent=7534"}],"wp:term":[{"taxonomy":"category","embeddable":true,"href":"https:\/\/www.anthealein.de\/index.php?rest_route=%2Fwp%2Fv2%2Fcategories&post=7534"},{"taxonomy":"post_tag","embeddable":true,"href":"https:\/\/www.anthealein.de\/index.php?rest_route=%2Fwp%2Fv2%2Ftags&post=7534"}],"curies":[{"name":"wp","href":"https:\/\/api.w.org\/{rel}","templated":true}]}}