{"id":7500,"date":"2012-07-06T10:06:21","date_gmt":"2012-07-06T09:06:21","guid":{"rendered":"http:\/\/www.anthealein.de\/?p=7500"},"modified":"2012-07-06T10:06:22","modified_gmt":"2012-07-06T09:06:22","slug":"wo-war-ich-stehen-geblieben","status":"publish","type":"post","link":"https:\/\/www.anthealein.de\/?p=7500","title":{"rendered":"Wo war ich stehen geblieben?"},"content":{"rendered":"<p align=\"justify\">Ach ja, bei Montag. In der Nacht von Montag auf Dienstag dachte ich, ich m\u00fcsse sterben. Ernsthaft, ich hab Chris angefleht den Notarzt zu rufen, so schlecht ging es mir. Von einer Sekunde auf die n\u00e4chste schmerzte mein Bauch so stark, das ich nicht mehr gerade laufen konnte. Fast zeitgleich fing meine rechte Schulter an zu schmerzen (Messerstiche) und ein paar Minuten sp\u00e4ter kamen \u00dcbelkeit und Kreislaufprobleme dazu. Der kalte Schwei\u00df lief nur so. Chris beruhigte und versorgte mich erst mal und eine knappe halbe Stunde sp\u00e4ter war der Spuk zum Gl\u00fcck vorbei. <\/p>\n<p align=\"justify\">Dienstag ging es dann so halbwegs, ich kam sogar dazu, mich ein wenig mit meinem i-Phone zu besch\u00e4ftigen (jahaaaaaaa, ich bin ein St\u00fcck weiter auf die Seite des B\u00f6sen gewechselt *g*). Das kam schon am Samstag an und wer mich kennt, wei\u00df was das hei\u00dft, wenn ich erst 4 Tage sp\u00e4ter dazu komme, das Ding wenigstens mal in Betrieb zu nehmen.<\/p>\n<p align=\"justify\">Mittwoch ging es wieder zum Internisten, der vermutete das ich mir am Montag den Magen-Darm-Virus mitgenommen habe, der momentan rumgeht und das der nicht richtig ausgebrochen ist, sondern nur die Aktion in der Nacht verursacht hat. Er nahm trotzdem Blut ab und gestern war ich dann zur Besprechung da. Mein Cholesterinwert ist beneidenswert. Na wunderbar. Ansonsten verblieben wir damit bis n\u00e4chste Woche abzuwarten, was meine Bauchschmerzen angeht (die auch vom HWI kommen k\u00f6nnten).<\/p>\n<p align=\"justify\">Gestern Nachmittag war R\u00fcdiger da, um Jana und mir Lesestoff vorbei zu bringen und heute \u2013 mit dem etwas milderen Wetter \u2013 geht es mir fast schon wieder gut (na ok, meinen Bauch ausgenommen).<\/p>\n<p align=\"justify\">Bild und co. kommen dann heute Abend <img decoding=\"async\" style=\"border-bottom-style: none; border-left-style: none; border-top-style: none; border-right-style: none\" class=\"wlEmoticon wlEmoticon-smile\" alt=\"Smiley\" src=\"http:\/\/www.anthealein.de\/wp-content\/uploads\/2012\/07\/wlEmoticon-smile1.png\" \/> .<\/p>\n","protected":false},"excerpt":{"rendered":"<p>Ach ja, bei Montag. In der Nacht von Montag auf Dienstag dachte ich, ich m\u00fcsse sterben. Ernsthaft, ich hab Chris angefleht den Notarzt zu rufen, so schlecht ging es mir. Von einer Sekunde auf die n\u00e4chste schmerzte mein Bauch so stark, das ich nicht mehr gerade laufen konnte. Fast zeitgleich fing meine rechte Schulter an [&hellip;]<\/p>\n","protected":false},"author":1,"featured_media":0,"comment_status":"open","ping_status":"open","sticky":false,"template":"","format":"standard","meta":{"footnotes":""},"categories":[3],"tags":[],"class_list":["post-7500","post","type-post","status-publish","format-standard","hentry","category-alles-mogliche"],"_links":{"self":[{"href":"https:\/\/www.anthealein.de\/index.php?rest_route=\/wp\/v2\/posts\/7500","targetHints":{"allow":["GET"]}}],"collection":[{"href":"https:\/\/www.anthealein.de\/index.php?rest_route=\/wp\/v2\/posts"}],"about":[{"href":"https:\/\/www.anthealein.de\/index.php?rest_route=\/wp\/v2\/types\/post"}],"author":[{"embeddable":true,"href":"https:\/\/www.anthealein.de\/index.php?rest_route=\/wp\/v2\/users\/1"}],"replies":[{"embeddable":true,"href":"https:\/\/www.anthealein.de\/index.php?rest_route=%2Fwp%2Fv2%2Fcomments&post=7500"}],"version-history":[{"count":1,"href":"https:\/\/www.anthealein.de\/index.php?rest_route=\/wp\/v2\/posts\/7500\/revisions"}],"predecessor-version":[{"id":7501,"href":"https:\/\/www.anthealein.de\/index.php?rest_route=\/wp\/v2\/posts\/7500\/revisions\/7501"}],"wp:attachment":[{"href":"https:\/\/www.anthealein.de\/index.php?rest_route=%2Fwp%2Fv2%2Fmedia&parent=7500"}],"wp:term":[{"taxonomy":"category","embeddable":true,"href":"https:\/\/www.anthealein.de\/index.php?rest_route=%2Fwp%2Fv2%2Fcategories&post=7500"},{"taxonomy":"post_tag","embeddable":true,"href":"https:\/\/www.anthealein.de\/index.php?rest_route=%2Fwp%2Fv2%2Ftags&post=7500"}],"curies":[{"name":"wp","href":"https:\/\/api.w.org\/{rel}","templated":true}]}}