{"id":7493,"date":"2012-07-04T20:58:23","date_gmt":"2012-07-04T19:58:23","guid":{"rendered":"http:\/\/www.anthealein.de\/?p=7493"},"modified":"2012-07-04T20:58:23","modified_gmt":"2012-07-04T19:58:23","slug":"es-wird-2","status":"publish","type":"post","link":"https:\/\/www.anthealein.de\/?p=7493","title":{"rendered":"Es wird &hellip;"},"content":{"rendered":"<p align=\"justify\">Langsam, aber es wird. Fieber ist halbwegs runter, ich bin nicht mehr dauerm\u00fcde und geschafft und das bi\u00dfl Schmerzen kenne ich ja schon *schiefgrins*. <\/p>\n<p align=\"justify\">Letzte Woche hie\u00df es ja HWI und Antibiotika, arbeiten ging aber trotzdem weil ich au\u00dfer den inzwischen ja normalen Schmerzen nix hatte. Samstag nach der Arbeit wurde der Fu\u00dfweg nach Hause immer l\u00e4nger und l\u00e4nger und meine Beine immer schwerer und 2 Stunden sp\u00e4ter hatte ich schon \u00fcber 38 Fieber und lag im Bett.<\/p>\n<p align=\"justify\">Sonntag morgen war die Temperatur erst mal im f\u00fcr mich seit Monaten normalen \u201cErh\u00f6ht-Bereich\u201d . Wir gingen zum Flohmarkt, machten Essen f\u00fcr alle inkl. Schwies und gingen dann zum Bontekai, wo Lena schlie\u00dflich ihren Auftritt hatte. Und an der Stelle ging es mir dann eigentlich auch schon immer schlechter und kaum waren Schwies auf dem Weg nach Hause, war ich auf dem Weg ins Bett. Die Nacht war arg unruhig und irgendwann um 2 Uhr wanderte ich ins Wohnzimmer r\u00fcber und sah da v\u00f6llig ungl\u00e4ubig auf mein Fieberthermometer (kein Ohrthermometer *g*), das 39,2 Grad anzeigte. Montag morgen also zum Internisten (der mein neuer Hausarzt werden soll *g*) und der war \u00fcber meine Probe alles andere als erfreut. Erys ++++, Leukos ++++, Protein +, und irgendwas was ich vergessen habe auch + . Also neues Antibiotika von ihm bekommen und Krankschreibung (mit Fieber sag auch ich dann nicht mehr, das ich arbeiten kann). <\/p>\n<p align=\"justify\">Kaum zu Hause, klingelte mein Telefon. Die Urologie-Praxis (die hatten letzte Woche eine Kultur angelegt): \u201cwir\u201d m\u00fcssten noch mal das Antibiotika wechseln. Ich ihr erz\u00e4hlt, wo ich gerade war und was der Arzt mir verschrieben hat. Und siehe da: genau das sollte ich auch von ihnen bekommen. Ich glaub, beim n\u00e4chsten HWI renn ich gleich zum Internisten.<\/p>\n<p align=\"justify\">Den Rest berichte ich die Tage, ich bin schon wieder ziemlich platt. Morgen fr\u00fch steht der n\u00e4chste Internistentermin auf dem Plan.<\/p>\n<p align=\"justify\">&#160;<\/p>\n<p align=\"center\"><a href=\"http:\/\/www.anthealein.de\/wp-content\/uploads\/2012\/07\/04072012.jpg\"><img loading=\"lazy\" decoding=\"async\" style=\"background-image: none; border-bottom: 0px; border-left: 0px; padding-left: 0px; padding-right: 0px; display: inline; border-top: 0px; border-right: 0px; padding-top: 0px\" title=\"04072012\" border=\"0\" alt=\"04072012\" src=\"http:\/\/www.anthealein.de\/wp-content\/uploads\/2012\/07\/04072012_thumb.jpg\" width=\"504\" height=\"504\" \/><\/a><\/p>\n<p align=\"center\">&#160;<\/p>\n<p align=\"center\"><a href=\"http:\/\/www.anthealein.de\/wp-content\/uploads\/2012\/07\/04072012II.jpg\"><img loading=\"lazy\" decoding=\"async\" style=\"background-image: none; border-bottom: 0px; border-left: 0px; padding-left: 0px; padding-right: 0px; display: inline; border-top: 0px; border-right: 0px; padding-top: 0px\" title=\"04072012II\" border=\"0\" alt=\"04072012II\" src=\"http:\/\/www.anthealein.de\/wp-content\/uploads\/2012\/07\/04072012II_thumb.jpg\" width=\"504\" height=\"504\" \/><\/a><\/p>\n","protected":false},"excerpt":{"rendered":"<p>Langsam, aber es wird. Fieber ist halbwegs runter, ich bin nicht mehr dauerm\u00fcde und geschafft und das bi\u00dfl Schmerzen kenne ich ja schon *schiefgrins*. Letzte Woche hie\u00df es ja HWI und Antibiotika, arbeiten ging aber trotzdem weil ich au\u00dfer den inzwischen ja normalen Schmerzen nix hatte. Samstag nach der Arbeit wurde der Fu\u00dfweg nach Hause [&hellip;]<\/p>\n","protected":false},"author":1,"featured_media":0,"comment_status":"open","ping_status":"open","sticky":false,"template":"","format":"standard","meta":{"footnotes":""},"categories":[3],"tags":[],"class_list":["post-7493","post","type-post","status-publish","format-standard","hentry","category-alles-mogliche"],"_links":{"self":[{"href":"https:\/\/www.anthealein.de\/index.php?rest_route=\/wp\/v2\/posts\/7493","targetHints":{"allow":["GET"]}}],"collection":[{"href":"https:\/\/www.anthealein.de\/index.php?rest_route=\/wp\/v2\/posts"}],"about":[{"href":"https:\/\/www.anthealein.de\/index.php?rest_route=\/wp\/v2\/types\/post"}],"author":[{"embeddable":true,"href":"https:\/\/www.anthealein.de\/index.php?rest_route=\/wp\/v2\/users\/1"}],"replies":[{"embeddable":true,"href":"https:\/\/www.anthealein.de\/index.php?rest_route=%2Fwp%2Fv2%2Fcomments&post=7493"}],"version-history":[{"count":1,"href":"https:\/\/www.anthealein.de\/index.php?rest_route=\/wp\/v2\/posts\/7493\/revisions"}],"predecessor-version":[{"id":7494,"href":"https:\/\/www.anthealein.de\/index.php?rest_route=\/wp\/v2\/posts\/7493\/revisions\/7494"}],"wp:attachment":[{"href":"https:\/\/www.anthealein.de\/index.php?rest_route=%2Fwp%2Fv2%2Fmedia&parent=7493"}],"wp:term":[{"taxonomy":"category","embeddable":true,"href":"https:\/\/www.anthealein.de\/index.php?rest_route=%2Fwp%2Fv2%2Fcategories&post=7493"},{"taxonomy":"post_tag","embeddable":true,"href":"https:\/\/www.anthealein.de\/index.php?rest_route=%2Fwp%2Fv2%2Ftags&post=7493"}],"curies":[{"name":"wp","href":"https:\/\/api.w.org\/{rel}","templated":true}]}}