{"id":7401,"date":"2012-06-21T21:12:51","date_gmt":"2012-06-21T20:12:51","guid":{"rendered":"http:\/\/www.anthealein.de\/?p=7401"},"modified":"2012-06-21T21:12:51","modified_gmt":"2012-06-21T20:12:51","slug":"spondy-was","status":"publish","type":"post","link":"https:\/\/www.anthealein.de\/?p=7401","title":{"rendered":"Spondy&hellip; Was?"},"content":{"rendered":"<p align=\"justify\">Der Tag begann f\u00fcr mich heute sehr fr\u00fch. Genauer gesagt wurde ich um 5.23 Uhr von dem Klappern der Besteckschublade und der Eisfacht\u00fcr in der K\u00fcche geweckt. Chris lag noch neben mir, Lena fehlte irgendwie. Also in die K\u00fcche und da stand der kleine Zwerg. Hatte sich ein Kratzeis aus dem Eisfach geholt und war doch allen Ernstes der Meinung, sie k\u00f6nne um diese Uhrzeit ein Eis essen shock . Da hatte sie aber die Rechnung ohne den Wirt (Mama *g*) gemacht. Etwas \u00fcber eine halbe Stunde sp\u00e4ter wollte mich mein i-Pod wecken. Ich verfehlte die Snooze-Funktion und schaltete ihn aus Versehen aus. Und wurde wieder eine halbe Stunde sp\u00e4ter von neuerlichem Klappern aus der K\u00fcche geweckt. Jana, schon komplett angezogen *kopfkratz* stand in der K\u00fcche und machte sich ein Nutella-Toastbrot. Lena stand daneben und bettelte vergebens um ein Toastbrot. Die wurde nur beschieden, das Papa ja bald aufstehen w\u00fcrde *grummel*. <\/p>\n<p align=\"justify\">Kurz vor 8 Uhr war ich auf der Arbeit, kurz vor 9 Uhr ging es ab zum Neurologen. Der sich freute, das meine Beine besser funktionieren und die zwei Bandscheibenvorf\u00e4lle als relativ harmlos abtat, weil laut MRT-Bericht nur Myelon-Kontakt, aber keine Myelon-Kompression besteht. Physio und meine Schmerzmittelkombi befand er f\u00fcr gut und freute sich, das kein aktiver Herd in der BWS zu sehen war. <\/p>\n<p align=\"justify\">Nun gab er mir aber auch 2 Kopien des Berichts mit f\u00fcr den Physiotherapeuten und f\u00fcr meinen Urologen. Und da las ich dann auf dem Parkplatz noch ganz andere Sachen (weshalb ich morgen doch mal einen Termin beim Orthop\u00e4den mache).<\/p>\n<p align=\"justify\">&#8211; \u201cBekannter intramedull\u00e4rer Demyelinisierungsherd auf Niveau HWK 2\/3 <em>(der MS-Herd von 2000, Anmerkung der Red. *g*)<\/em>. Demyelinisierungsherd thorakal auf Niveau BWK 9\/10 <strong>(wahrscheinlich der Herd von letztem Jahr)<\/strong>. Kein Hinweis auf entz\u00fcndliche Herdaktivierung <strong>(das freute meinen Neurologen)<\/strong>.\u201d    <br \/>&#8211; \u201cIn den Segmenten BWK 7\/8 und BWK 8\/9 degenerative re.-mediolaterale Bandscheibenvorf\u00e4lle, bei BWK 8\/9 mit deutlichem Myelonkontakt (ohne Myelonkompression). Geringgradige breitbasige Bandscheibenprotusionen BWK 4\/5, BWK 6\/7, BWK 11\/12 und BWK 12\/LWK 1 ohne Myelonbezug.\u201d <strong>(Wie? BWK 10\/11 f\u00e4llt raus aus der Liste?)     <br \/><\/strong>&#8211; \u201cMultisegmentale Osteochondrose \/ Spondylosis deformans sowie Spondylarthrose.\u201c <strong>(\u00c4h n\u00f6, das geb ich gerne zur\u00fcck) <\/strong><\/p>\n<p align=\"justify\">P\u00fcnktlich zur Ausleihe war ich wieder da und irgendwie war da der Tag der netten Leute. Jeder, wirklich JEDER war superfreundlich (bei dem Wetter ja auch kein Wunder *g*) und auch am Telefon waren nur nette Leute. Ganz s\u00fc\u00df fand ich die zuk\u00fcnftige Benutzerin, die sich ihren Weg zu uns erfragte. Neu hinzugezogen, wollten sie und ihr Mann sich schnellstm\u00f6glich bei uns anmelden. Beim Rathaus waren sie schon mal und sie wollte den Weg von da aus zu uns wissen. Auch ein \u00e4lterer Herr war total begeistert von der B\u00fccherei. Kam rein, ging in die Erwachsenenb\u00fccherei und kam eine knappe Stunde sp\u00e4ter wieder heraus mit gro\u00dfen Augen. Schaute zur Kinder- und Jugendb\u00fccherei und fragte mich, was da w\u00e4re. Ich erkl\u00e4rte es ihm und auch die Spieleschr\u00e4nke, die er hinter seinem R\u00fccken bemerkte. Er hatte seinen Personalausweis nicht dabei, aber ich erkl\u00e4rte ihm schon mal die Geb\u00fchrenordnung und co. und er war v\u00f6llig von den Socken. Er kaufe sich immer die B\u00fccher bei einer B\u00fccherhandlung (die ich jetzt hier mal nicht nenne *g*), aber wir h\u00e4tten ja sooooooooo viel. War richtig sch\u00f6n, seine Begeisterung zu sehen <img decoding=\"async\" style=\"border-bottom-style: none; border-left-style: none; border-top-style: none; border-right-style: none\" class=\"wlEmoticon wlEmoticon-smile\" alt=\"Smiley\" src=\"http:\/\/www.anthealein.de\/wp-content\/uploads\/2012\/06\/wlEmoticon-smile4.png\" \/> .<\/p>\n<p align=\"justify\">Nach der Arbeit sammelte ich die Kinder ein und um 13.45 Uhr waren wir schon bei der Krankengymnastik. Knapp 15 Min. Expander f\u00fcr mich, dann gab es eine Massage. Hatte ich mir die Dienstag tats\u00e4chlich noch gew\u00fcnscht? Wieder verlie\u00df ich die Praxis mit tierischen Schmerzen und leider hatte ich diesmal kein Ibuprofen in der Tasche. Also schnell nach Hause und dabei versucht, den Zickenkrieg auf der R\u00fcckbank zu ignorieren. <\/p>\n<p align=\"justify\">Zu Hause hab ich mich auf den Haushalt geschmissen und geflissentlich versucht, den Zickenterror zu ignorieren. Was relativ schwer ist bei dem hocht\u00f6nenden Kreischen von Jana gefolgt von lautstarken \u201cNeiiiiiiiiiiiiiiin Lena\u201d. Alternativ auch \u201cOooooooooooooooh Lenaaaaaaaaaaaaa!\u201d. Als Janas Fu\u00df in Lenas Bauch landete (versehentlich, mehr oder weniger) bin ich doch mal dazwischen gegangen. Aber ansonsten h\u00e4tte ich mir einfach Ohropax gew\u00fcnscht *g*.<\/p>\n<p align=\"justify\">&#160;<\/p>\n<p align=\"center\"><a href=\"http:\/\/www.anthealein.de\/wp-content\/uploads\/2012\/06\/21062012.jpg\"><img loading=\"lazy\" decoding=\"async\" style=\"background-image: none; border-bottom: 0px; border-left: 0px; padding-left: 0px; padding-right: 0px; display: inline; border-top: 0px; border-right: 0px; padding-top: 0px\" title=\"21062012\" border=\"0\" alt=\"21062012\" src=\"http:\/\/www.anthealein.de\/wp-content\/uploads\/2012\/06\/21062012_thumb.jpg\" width=\"504\" height=\"504\" \/><\/a><\/p>\n","protected":false},"excerpt":{"rendered":"<p>Der Tag begann f\u00fcr mich heute sehr fr\u00fch. Genauer gesagt wurde ich um 5.23 Uhr von dem Klappern der Besteckschublade und der Eisfacht\u00fcr in der K\u00fcche geweckt. Chris lag noch neben mir, Lena fehlte irgendwie. Also in die K\u00fcche und da stand der kleine Zwerg. Hatte sich ein Kratzeis aus dem Eisfach geholt und war [&hellip;]<\/p>\n","protected":false},"author":1,"featured_media":0,"comment_status":"open","ping_status":"open","sticky":false,"template":"","format":"standard","meta":{"footnotes":""},"categories":[3],"tags":[],"class_list":["post-7401","post","type-post","status-publish","format-standard","hentry","category-alles-mogliche"],"_links":{"self":[{"href":"https:\/\/www.anthealein.de\/index.php?rest_route=\/wp\/v2\/posts\/7401","targetHints":{"allow":["GET"]}}],"collection":[{"href":"https:\/\/www.anthealein.de\/index.php?rest_route=\/wp\/v2\/posts"}],"about":[{"href":"https:\/\/www.anthealein.de\/index.php?rest_route=\/wp\/v2\/types\/post"}],"author":[{"embeddable":true,"href":"https:\/\/www.anthealein.de\/index.php?rest_route=\/wp\/v2\/users\/1"}],"replies":[{"embeddable":true,"href":"https:\/\/www.anthealein.de\/index.php?rest_route=%2Fwp%2Fv2%2Fcomments&post=7401"}],"version-history":[{"count":1,"href":"https:\/\/www.anthealein.de\/index.php?rest_route=\/wp\/v2\/posts\/7401\/revisions"}],"predecessor-version":[{"id":7402,"href":"https:\/\/www.anthealein.de\/index.php?rest_route=\/wp\/v2\/posts\/7401\/revisions\/7402"}],"wp:attachment":[{"href":"https:\/\/www.anthealein.de\/index.php?rest_route=%2Fwp%2Fv2%2Fmedia&parent=7401"}],"wp:term":[{"taxonomy":"category","embeddable":true,"href":"https:\/\/www.anthealein.de\/index.php?rest_route=%2Fwp%2Fv2%2Fcategories&post=7401"},{"taxonomy":"post_tag","embeddable":true,"href":"https:\/\/www.anthealein.de\/index.php?rest_route=%2Fwp%2Fv2%2Ftags&post=7401"}],"curies":[{"name":"wp","href":"https:\/\/api.w.org\/{rel}","templated":true}]}}