{"id":7259,"date":"2012-06-01T21:12:11","date_gmt":"2012-06-01T20:12:11","guid":{"rendered":"http:\/\/www.anthealein.de\/?p=7259"},"modified":"2012-06-01T21:12:11","modified_gmt":"2012-06-01T20:12:11","slug":"ich-2","status":"publish","type":"post","link":"https:\/\/www.anthealein.de\/?p=7259","title":{"rendered":"Ich &hellip;"},"content":{"rendered":"<p align=\"justify\">\u2026 hab mich heute Vormittag verw\u00f6hnen lassen. Eine kleine Gesichtsbehandlung mit Peeling, Maske und Massage gab es und auf den letzten Metern bin ich glatt eingeschlafen *g*. Ein wenig Einkauf, eine Stunde Ruhe und als Opa mit Jana weg war, sind Lena und ich in die Stadt gelaufen.<\/p>\n<p align=\"justify\">Einen Specht durften wir bei der F\u00fctterung seiner Jungen bewundern, Wurst und Eis gab es und mit den ersten Regentropfen trudelten wir wieder zu Hause ein. Gekocht, Papa noch verabschiedet (Elternstammtisch) und nu hab ich schon eine ganze Weile Ruhe. <\/p>\n<p align=\"justify\">Apropos Eltern. Gestern gab es das Entwicklungsgespr\u00e4ch im Kindergarten und wer auch immer sich diesen Entwicklungsbogen ausgedacht hat, muss eine Meise haben. Lena ist altersgerecht entwickelt, nur grobmotorisch konnte ihre Erzieherin 3 H\u00e4kchen nicht machen.&#160; 1. \u201cDas Kind kann 3 Meter auf Zehenspitzen laufen\u201d, 2. \u201cDas Kind kann einen Ball nach oben in die Luft werfen und wieder auffangen\u201d und 3. \u201cDas Kind kann ohne Hilfe auf einem Bein h\u00fcpfen\u201d. Hallo??? DAS sollen 3-3 1\/2-j\u00e4hrige k\u00f6nnen? Ball nach oben werfen und wieder auffangen kann ich selbst heute nur begrenzt *g*. Daf\u00fcr konnte sie schon in der n\u00e4chsten Reihe f\u00fcr die 4-j\u00e4hrigen fast alles bei sozialer Kompetenz anhaken und einige in den anderen Bereichen *stolzbin*. Das H\u00e4kchen, das bei der \u201csozialen Kompetenz\u201d f\u00fcr die 4-j\u00e4hrigen noch fehlt ist \u2013 man lese und staune \u2013 \u201cschlie\u00dft dauerhafte Freundschaften\u201d. Dauerhafte Freundschaften??? Mit 4 Jahren? Wie wollen sie das denn beurteilen? Dauerhafte Freundschaften gehen \u00fcber 10, 20 oder 30 Jahre, aber doch nicht \u00fcber 2 Wochen oder so.<\/p>\n<p align=\"justify\">Lena die letzten Tage:   <br \/>&#8211; Sie kommt Nachts zu uns r\u00fcber und ist in Plauderlaune: \u201cDas ist mein Ellenbogen, das mein Kopf und das mein Herz \u2026 Das ist ein Knochen \u2026 \u201d etc. Ist ja sch\u00f6n, aber MUSS das um 2 Uhr fr\u00fch sein? Und muss Muttern dann im Halbschlaf auch noch so dusselig sein und von Elle und Speiche anfangen?    <br \/>&#8211; Jana stellt eine Scherzfrage: \u201cWer tr\u00e4gt eine Brille und kann doch nicht sehen?\u201d. Lenas spontane Antwort: \u201cMama und Jana\u201d.    <br \/>&#8211; Lena r\u00e4umt mein B\u00fccherregal um (siehe die Bilder vor ein paar Tagen). Ich frage sie: \u201cMachst du Chaos, Schatz?\u201d. Daraufhin sie: \u201cNein, mache ich nicht. Ich hole nur alle B\u00fccher raus!\u201d. Hmpf.    <br \/>&#8211; Opa hat ihr Geld gegeben, eine gr\u00f6\u00dfere M\u00fcnze und ganz viele klitzekleine. Mein Versuch, die kleinen M\u00fcnzen in die Spardose zu dirigieren wird abgeschmettert: \u201cDas ist MEIN Geld, du darfst das nicht bestimmen!\u201d. *seufz*    <br \/>&#8211; Beim Essen kochen vorhin kamen wir auf die \u201cNeuigkeit\u201d (wei\u00df sie eigentlich schon lange), das sie nicht die einzige Lena auf der Welt ist. Da nimmt mich Lena in den Arm und sagt: \u201cDanke\u201d. Auf meine Nachfrage, wof\u00fcr denn: \u201cDas du mich behalten willst!\u201d :herz: .<\/p>\n<p align=\"justify\">&#160;<\/p>\n<p align=\"center\"><a href=\"http:\/\/www.anthealein.de\/wp-content\/uploads\/2012\/06\/01062012.jpg\"><img loading=\"lazy\" decoding=\"async\" style=\"background-image: none; border-bottom: 0px; border-left: 0px; padding-left: 0px; padding-right: 0px; display: inline; border-top: 0px; border-right: 0px; padding-top: 0px\" title=\"01062012\" border=\"0\" alt=\"01062012\" src=\"http:\/\/www.anthealein.de\/wp-content\/uploads\/2012\/06\/01062012_thumb.jpg\" width=\"504\" height=\"504\" \/><\/a><\/p>\n","protected":false},"excerpt":{"rendered":"<p>\u2026 hab mich heute Vormittag verw\u00f6hnen lassen. Eine kleine Gesichtsbehandlung mit Peeling, Maske und Massage gab es und auf den letzten Metern bin ich glatt eingeschlafen *g*. Ein wenig Einkauf, eine Stunde Ruhe und als Opa mit Jana weg war, sind Lena und ich in die Stadt gelaufen. Einen Specht durften wir bei der F\u00fctterung [&hellip;]<\/p>\n","protected":false},"author":1,"featured_media":0,"comment_status":"open","ping_status":"open","sticky":false,"template":"","format":"standard","meta":{"footnotes":""},"categories":[3],"tags":[],"class_list":["post-7259","post","type-post","status-publish","format-standard","hentry","category-alles-mogliche"],"_links":{"self":[{"href":"https:\/\/www.anthealein.de\/index.php?rest_route=\/wp\/v2\/posts\/7259","targetHints":{"allow":["GET"]}}],"collection":[{"href":"https:\/\/www.anthealein.de\/index.php?rest_route=\/wp\/v2\/posts"}],"about":[{"href":"https:\/\/www.anthealein.de\/index.php?rest_route=\/wp\/v2\/types\/post"}],"author":[{"embeddable":true,"href":"https:\/\/www.anthealein.de\/index.php?rest_route=\/wp\/v2\/users\/1"}],"replies":[{"embeddable":true,"href":"https:\/\/www.anthealein.de\/index.php?rest_route=%2Fwp%2Fv2%2Fcomments&post=7259"}],"version-history":[{"count":1,"href":"https:\/\/www.anthealein.de\/index.php?rest_route=\/wp\/v2\/posts\/7259\/revisions"}],"predecessor-version":[{"id":7260,"href":"https:\/\/www.anthealein.de\/index.php?rest_route=\/wp\/v2\/posts\/7259\/revisions\/7260"}],"wp:attachment":[{"href":"https:\/\/www.anthealein.de\/index.php?rest_route=%2Fwp%2Fv2%2Fmedia&parent=7259"}],"wp:term":[{"taxonomy":"category","embeddable":true,"href":"https:\/\/www.anthealein.de\/index.php?rest_route=%2Fwp%2Fv2%2Fcategories&post=7259"},{"taxonomy":"post_tag","embeddable":true,"href":"https:\/\/www.anthealein.de\/index.php?rest_route=%2Fwp%2Fv2%2Ftags&post=7259"}],"curies":[{"name":"wp","href":"https:\/\/api.w.org\/{rel}","templated":true}]}}