{"id":7246,"date":"2012-05-29T20:22:16","date_gmt":"2012-05-29T19:22:16","guid":{"rendered":"http:\/\/www.anthealein.de\/?p=7246"},"modified":"2012-05-29T20:22:17","modified_gmt":"2012-05-29T19:22:17","slug":"eigentlich-hab-ich-gedacht","status":"publish","type":"post","link":"https:\/\/www.anthealein.de\/?p=7246","title":{"rendered":"Eigentlich hab ich gedacht,"},"content":{"rendered":"<p align=\"justify\">ich h\u00e4tte mit der Sicherung meines Schrankes noch ein paar Jahre Zeit. <\/p>\n<p align=\"justify\">Heute war es ein wenig k\u00fchl und als ich mir gerade eine (relativ enge, ich gebe es zu) Stoffjacke aus dem Schrank zog, stand Jana pl\u00f6tzlich neben mir. \u201cHebst du die f\u00fcr mich auf?\u201d. Ich erkl\u00e4rte ihr, das es wohl ein paar Jahre dauern w\u00fcrde, bis sie die Jacke anziehen k\u00f6nne. Und eh ich mich versah, hatte pl\u00f6tzlich sie die Jacke an, schritt aus dem Schlafzimmer und kommentierte \u00fcber die Schulter: \u201cDie Farbe tr\u00e4gst du eh nicht!\u201d shock . Hmpf.<\/p>\n<p align=\"justify\">&#160;<\/p>\n<p align=\"center\"><a href=\"http:\/\/www.anthealein.de\/wp-content\/uploads\/2012\/05\/29052012.jpg\"><img loading=\"lazy\" decoding=\"async\" style=\"background-image: none; border-bottom: 0px; border-left: 0px; padding-left: 0px; padding-right: 0px; display: inline; border-top: 0px; border-right: 0px; padding-top: 0px\" title=\"29052012\" border=\"0\" alt=\"29052012\" src=\"http:\/\/www.anthealein.de\/wp-content\/uploads\/2012\/05\/29052012_thumb.jpg\" width=\"504\" height=\"504\" \/><\/a>    <br \/>Hehe \u2026<\/p>\n<p align=\"center\">&#160;<\/p>\n<p align=\"center\"><a href=\"http:\/\/www.anthealein.de\/wp-content\/uploads\/2012\/05\/29052012II.jpg\"><img loading=\"lazy\" decoding=\"async\" style=\"background-image: none; border-bottom: 0px; border-left: 0px; padding-left: 0px; padding-right: 0px; display: inline; border-top: 0px; border-right: 0px; padding-top: 0px\" title=\"29052012II\" border=\"0\" alt=\"29052012II\" src=\"http:\/\/www.anthealein.de\/wp-content\/uploads\/2012\/05\/29052012II_thumb.jpg\" width=\"504\" height=\"504\" \/><\/a><\/p>\n<p align=\"center\">&#160;<\/p>\n<p align=\"center\"><a href=\"http:\/\/www.anthealein.de\/wp-content\/uploads\/2012\/05\/29052012III.jpg\"><img loading=\"lazy\" decoding=\"async\" style=\"background-image: none; border-bottom: 0px; border-left: 0px; padding-left: 0px; padding-right: 0px; display: inline; border-top: 0px; border-right: 0px; padding-top: 0px\" title=\"29052012III\" border=\"0\" alt=\"29052012III\" src=\"http:\/\/www.anthealein.de\/wp-content\/uploads\/2012\/05\/29052012III_thumb.jpg\" width=\"504\" height=\"504\" \/><\/a><\/p>\n<p align=\"center\">&#160;<\/p>\n<p align=\"center\"><a href=\"http:\/\/www.anthealein.de\/wp-content\/uploads\/2012\/05\/29052012IV.jpg\"><img loading=\"lazy\" decoding=\"async\" style=\"background-image: none; border-bottom: 0px; border-left: 0px; padding-left: 0px; padding-right: 0px; display: inline; border-top: 0px; border-right: 0px; padding-top: 0px\" title=\"29052012IV\" border=\"0\" alt=\"29052012IV\" src=\"http:\/\/www.anthealein.de\/wp-content\/uploads\/2012\/05\/29052012IV_thumb.jpg\" width=\"504\" height=\"504\" \/><\/a>    <br \/>\u201cLiest du mir das vor, Mama?\u201d. \u00c4h ja klar \u2026<\/p>\n<p align=\"center\">&#160;<\/p>\n<p align=\"center\"><a href=\"http:\/\/www.anthealein.de\/wp-content\/uploads\/2012\/05\/29052012V.jpg\"><img loading=\"lazy\" decoding=\"async\" style=\"background-image: none; border-bottom: 0px; border-left: 0px; padding-left: 0px; padding-right: 0px; display: inline; border-top: 0px; border-right: 0px; padding-top: 0px\" title=\"29052012V\" border=\"0\" alt=\"29052012V\" src=\"http:\/\/www.anthealein.de\/wp-content\/uploads\/2012\/05\/29052012V_thumb.jpg\" width=\"504\" height=\"504\" \/><\/a><\/p>\n","protected":false},"excerpt":{"rendered":"<p>ich h\u00e4tte mit der Sicherung meines Schrankes noch ein paar Jahre Zeit. Heute war es ein wenig k\u00fchl und als ich mir gerade eine (relativ enge, ich gebe es zu) Stoffjacke aus dem Schrank zog, stand Jana pl\u00f6tzlich neben mir. \u201cHebst du die f\u00fcr mich auf?\u201d. Ich erkl\u00e4rte ihr, das es wohl ein paar Jahre [&hellip;]<\/p>\n","protected":false},"author":1,"featured_media":0,"comment_status":"open","ping_status":"open","sticky":false,"template":"","format":"standard","meta":{"footnotes":""},"categories":[3],"tags":[],"class_list":["post-7246","post","type-post","status-publish","format-standard","hentry","category-alles-mogliche"],"_links":{"self":[{"href":"https:\/\/www.anthealein.de\/index.php?rest_route=\/wp\/v2\/posts\/7246","targetHints":{"allow":["GET"]}}],"collection":[{"href":"https:\/\/www.anthealein.de\/index.php?rest_route=\/wp\/v2\/posts"}],"about":[{"href":"https:\/\/www.anthealein.de\/index.php?rest_route=\/wp\/v2\/types\/post"}],"author":[{"embeddable":true,"href":"https:\/\/www.anthealein.de\/index.php?rest_route=\/wp\/v2\/users\/1"}],"replies":[{"embeddable":true,"href":"https:\/\/www.anthealein.de\/index.php?rest_route=%2Fwp%2Fv2%2Fcomments&post=7246"}],"version-history":[{"count":1,"href":"https:\/\/www.anthealein.de\/index.php?rest_route=\/wp\/v2\/posts\/7246\/revisions"}],"predecessor-version":[{"id":7247,"href":"https:\/\/www.anthealein.de\/index.php?rest_route=\/wp\/v2\/posts\/7246\/revisions\/7247"}],"wp:attachment":[{"href":"https:\/\/www.anthealein.de\/index.php?rest_route=%2Fwp%2Fv2%2Fmedia&parent=7246"}],"wp:term":[{"taxonomy":"category","embeddable":true,"href":"https:\/\/www.anthealein.de\/index.php?rest_route=%2Fwp%2Fv2%2Fcategories&post=7246"},{"taxonomy":"post_tag","embeddable":true,"href":"https:\/\/www.anthealein.de\/index.php?rest_route=%2Fwp%2Fv2%2Ftags&post=7246"}],"curies":[{"name":"wp","href":"https:\/\/api.w.org\/{rel}","templated":true}]}}