{"id":7198,"date":"2012-05-25T20:15:55","date_gmt":"2012-05-25T19:15:55","guid":{"rendered":"http:\/\/www.anthealein.de\/?p=7198"},"modified":"2012-05-25T20:15:55","modified_gmt":"2012-05-25T19:15:55","slug":"ich-durfte","status":"publish","type":"post","link":"https:\/\/www.anthealein.de\/?p=7198","title":{"rendered":"Ich durfte &hellip;"},"content":{"rendered":"<p align=\"justify\">\u2026 heute mal wieder ein Baby auf dem Arm haben <img decoding=\"async\" style=\"border-bottom-style: none; border-left-style: none; border-top-style: none; border-right-style: none\" class=\"wlEmoticon wlEmoticon-smile\" alt=\"Smiley\" src=\"http:\/\/www.anthealein.de\/wp-content\/uploads\/2012\/05\/wlEmoticon-smile4.png\" \/> . W\u00e4hrend meiner Ausleihe mit Anke kam eine Frau mit Baby und kleinem Kind aus der Kinderb\u00fccherei. Anke und ich sch\u00e4kerten nat\u00fcrlich gleich *g* und ich meinte zu Anke, das ich das Baby leihweise gerne nehmen w\u00fcrde, mir k\u00e4me nur kein 3. Kind ins Haus. <\/p>\n<p align=\"justify\">Die Benutzerin kommentierte, das 3 Kinder sch\u00f6n w\u00e4ren und fragte mich, ob das mein Ernst gewesen sei. Auf meine Nachfrage was sie denn meine erfuhr ich, das sie mit dem gro\u00dfen Kind aufs Klo m\u00fcsse und fragte, ob ich das kleine Kind derweil nehmen w\u00fcrde. Was f\u00fcr eine Frage *g*. Die Kleine schaute sich interessiert um und Mama war ja auch wirklich schnell wieder da. Gut, das gerade eine kleine Flaute war, ansonsten w\u00e4re das n\u00e4mlich nicht gegangen. Spontan-Babysitting, gef\u00e4llt mir *g*.<\/p>\n<p>&#160;<\/p>\n<p align=\"center\"><a href=\"http:\/\/www.anthealein.de\/wp-content\/uploads\/2012\/05\/25052012.jpg\"><img loading=\"lazy\" decoding=\"async\" style=\"background-image: none; border-bottom: 0px; border-left: 0px; padding-left: 0px; padding-right: 0px; display: inline; border-top: 0px; border-right: 0px; padding-top: 0px\" title=\"25052012\" border=\"0\" alt=\"25052012\" src=\"http:\/\/www.anthealein.de\/wp-content\/uploads\/2012\/05\/25052012_thumb.jpg\" width=\"504\" height=\"504\" \/><\/a><\/p>\n","protected":false},"excerpt":{"rendered":"<p>\u2026 heute mal wieder ein Baby auf dem Arm haben . W\u00e4hrend meiner Ausleihe mit Anke kam eine Frau mit Baby und kleinem Kind aus der Kinderb\u00fccherei. Anke und ich sch\u00e4kerten nat\u00fcrlich gleich *g* und ich meinte zu Anke, das ich das Baby leihweise gerne nehmen w\u00fcrde, mir k\u00e4me nur kein 3. Kind ins Haus. [&hellip;]<\/p>\n","protected":false},"author":1,"featured_media":0,"comment_status":"open","ping_status":"open","sticky":false,"template":"","format":"standard","meta":{"footnotes":""},"categories":[3],"tags":[],"class_list":["post-7198","post","type-post","status-publish","format-standard","hentry","category-alles-mogliche"],"_links":{"self":[{"href":"https:\/\/www.anthealein.de\/index.php?rest_route=\/wp\/v2\/posts\/7198","targetHints":{"allow":["GET"]}}],"collection":[{"href":"https:\/\/www.anthealein.de\/index.php?rest_route=\/wp\/v2\/posts"}],"about":[{"href":"https:\/\/www.anthealein.de\/index.php?rest_route=\/wp\/v2\/types\/post"}],"author":[{"embeddable":true,"href":"https:\/\/www.anthealein.de\/index.php?rest_route=\/wp\/v2\/users\/1"}],"replies":[{"embeddable":true,"href":"https:\/\/www.anthealein.de\/index.php?rest_route=%2Fwp%2Fv2%2Fcomments&post=7198"}],"version-history":[{"count":1,"href":"https:\/\/www.anthealein.de\/index.php?rest_route=\/wp\/v2\/posts\/7198\/revisions"}],"predecessor-version":[{"id":7199,"href":"https:\/\/www.anthealein.de\/index.php?rest_route=\/wp\/v2\/posts\/7198\/revisions\/7199"}],"wp:attachment":[{"href":"https:\/\/www.anthealein.de\/index.php?rest_route=%2Fwp%2Fv2%2Fmedia&parent=7198"}],"wp:term":[{"taxonomy":"category","embeddable":true,"href":"https:\/\/www.anthealein.de\/index.php?rest_route=%2Fwp%2Fv2%2Fcategories&post=7198"},{"taxonomy":"post_tag","embeddable":true,"href":"https:\/\/www.anthealein.de\/index.php?rest_route=%2Fwp%2Fv2%2Ftags&post=7198"}],"curies":[{"name":"wp","href":"https:\/\/api.w.org\/{rel}","templated":true}]}}