{"id":7177,"date":"2012-05-21T20:20:09","date_gmt":"2012-05-21T19:20:09","guid":{"rendered":"http:\/\/www.anthealein.de\/?p=7177"},"modified":"2012-05-21T20:20:09","modified_gmt":"2012-05-21T19:20:09","slug":"sommer-palmen-sonnenschein-trller","status":"publish","type":"post","link":"https:\/\/www.anthealein.de\/?p=7177","title":{"rendered":"Sommer, Palmen, Sonnenschein *tr&auml;ller* &hellip;"},"content":{"rendered":"<p align=\"justify\">Ganz ehrlich: bei diesem Wetter kann man doch nicht schlecht gelaunt sein, oder? Mein Gott, hat mir Sonne und W\u00e4rme gefehlt. Ok, bei \u00fcber 30 Grad wird es dann wieder kritisch mit MS und W\u00e4rme, aber bis dahin bin ich gl\u00fccklich und genie\u00dfe. <\/p>\n<p align=\"justify\">Auch die Untersuchung heute morgen im RNK war halb so wild. Ich hatte wieder die nette Assistenz\u00e4rztin zusammen mit 2 Schwestern, kurzzeitig wurde ich vom Chefarzt der Gyn\u00e4kologie entf\u00fchrt und untersucht (wenn der die Babyrate im RNK nicht hochtreibt, wei\u00df ich auch nicht *g*) und erst die letzten 20 Minuten \u201cdurfte\u201d ich mich mit dem Arzt vom letzten Mal \u201cvergn\u00fcgen\u201d. Seine Standardstrafpredigt musste sein, wurde aber arg kurz gehalten, weil er erk\u00e4ltet ist. Wenigstens ist er medikamententechnisch auf meiner Seite und hat mir jetzt wieder mein Medikament mit richtiger mg-Zahl verschrieben (kopfsch\u00fcttelnd \u00fcber den anderen Arzt, der mir das viel zu hoch dosiert verschrieben hatte). <\/p>\n<p align=\"justify\">Nach meinem Besuch beim RNK ging es zum Einkauf, nach Hause (mistige Schlepperei), wieder zum Einkauf, wieder nach Hause, Lena holen, Jana holen, vorerst letzten Einkauf erledigen. Vorerst letzten Einkauf, weil mir erst zu Hause auf ging, das Lena gar keine Sommersandalen mehr hat. Ich meine, irgendwo im Keller noch welche zu haben von Jana. Nur wo? Eine kurze Suche mit den beiden M\u00e4dels erbrachte nichts.<\/p>\n<p align=\"justify\">Wir konnten allerdings auch nur kurz suchen, weil Jana zum Schwimmkurs wollte. Also die Kinder schon wieder eingepackt und auf ging es. Und wie es so ist: jahrelang trifft man niemanden aus der Schulzeit und dann: alle paar Minuten. Eine der Schwimmtrainerinnen: eine aus meinem ehemaligem Jahrgang. Der Vorname fiel mir erst nicht ein, aber nachdem sie ihn mir genannt hatte, wusste ich gleich wieder den Nachnamen dazu. Wir unterhielten uns kurz und an uns vorbei lief: eine der ehemaligen \u201cJahrgangsmatratzen\u201d *h\u00fcstel*. Ok, die musste ich nun nicht begr\u00fc\u00dfen. W\u00e4hrend Jana die 3\/4tel Stunde schwimmen hinter sich brachte, fuhr ich mit Lena eben Schuhe kaufen und die restliche Zeit durfte ich damit verbringen, den Zwerg vom Baum zu fischen (vor dem Nautimo steht ein optimaler Kletterbaum). Im Kurs nach Jana traf ich dann Ex-IGS-Sch\u00fclerin Nr. 3 (und sprach auch die nicht an) und ich muss gestehen, da war ich in Gedanken ein wenig fies. S. war nie meine Freundin. D\u00fcnn, sportlich und ein wenig arrogant war sie schon immer und ich war in der Schule eines ihrer beliebtesten \u201cOpfer\u201d, weil das genaue Gegenteil. Tja, und diese Supersportlerin hat jetzt eine Tochter, in die Jana 2x reinpassen w\u00fcrde (min.). Und das muss DER Horror schlechthin f\u00fcr S. sein. Ich bin fies, ich wei\u00df *seufz*, aber das hat mich irgendwie gefreut.<\/p>\n<p align=\"justify\">Morgen steht Arbeit auf dem Plan, Janas Krankengymnastik und Lenas Tanzen. Und f\u00fcr mich: 3 Arzttermine vereinbaren, jetzt wo ich wieder planen kann und der andere Kram abgearbeitet ist.<\/p>\n<p align=\"justify\">&#160;<\/p>\n<p align=\"center\"><a href=\"http:\/\/www.anthealein.de\/wp-content\/uploads\/2012\/05\/21052012.jpg\"><img loading=\"lazy\" decoding=\"async\" style=\"background-image: none; border-bottom: 0px; border-left: 0px; padding-left: 0px; padding-right: 0px; display: inline; border-top: 0px; border-right: 0px; padding-top: 0px\" title=\"21052012\" border=\"0\" alt=\"21052012\" src=\"http:\/\/www.anthealein.de\/wp-content\/uploads\/2012\/05\/21052012_thumb.jpg\" width=\"504\" height=\"504\" \/><\/a><\/p>\n<p align=\"center\">&#160;<\/p>\n<p align=\"center\"><a href=\"http:\/\/www.anthealein.de\/wp-content\/uploads\/2012\/05\/21052012II.jpg\"><img loading=\"lazy\" decoding=\"async\" style=\"background-image: none; border-bottom: 0px; border-left: 0px; padding-left: 0px; padding-right: 0px; display: inline; border-top: 0px; border-right: 0px; padding-top: 0px\" title=\"21052012II\" border=\"0\" alt=\"21052012II\" src=\"http:\/\/www.anthealein.de\/wp-content\/uploads\/2012\/05\/21052012II_thumb.jpg\" width=\"504\" height=\"504\" \/><\/a><\/p>\n<p align=\"center\">&#160;<\/p>\n<p align=\"center\"><a href=\"http:\/\/www.anthealein.de\/wp-content\/uploads\/2012\/05\/21052012III.jpg\"><img loading=\"lazy\" decoding=\"async\" style=\"background-image: none; border-bottom: 0px; border-left: 0px; padding-left: 0px; padding-right: 0px; display: inline; border-top: 0px; border-right: 0px; padding-top: 0px\" title=\"21052012III\" border=\"0\" alt=\"21052012III\" src=\"http:\/\/www.anthealein.de\/wp-content\/uploads\/2012\/05\/21052012III_thumb.jpg\" width=\"504\" height=\"504\" \/><\/a><\/p>\n","protected":false},"excerpt":{"rendered":"<p>Ganz ehrlich: bei diesem Wetter kann man doch nicht schlecht gelaunt sein, oder? Mein Gott, hat mir Sonne und W\u00e4rme gefehlt. Ok, bei \u00fcber 30 Grad wird es dann wieder kritisch mit MS und W\u00e4rme, aber bis dahin bin ich gl\u00fccklich und genie\u00dfe. Auch die Untersuchung heute morgen im RNK war halb so wild. Ich [&hellip;]<\/p>\n","protected":false},"author":1,"featured_media":0,"comment_status":"open","ping_status":"open","sticky":false,"template":"","format":"standard","meta":{"footnotes":""},"categories":[3],"tags":[],"class_list":["post-7177","post","type-post","status-publish","format-standard","hentry","category-alles-mogliche"],"_links":{"self":[{"href":"https:\/\/www.anthealein.de\/index.php?rest_route=\/wp\/v2\/posts\/7177","targetHints":{"allow":["GET"]}}],"collection":[{"href":"https:\/\/www.anthealein.de\/index.php?rest_route=\/wp\/v2\/posts"}],"about":[{"href":"https:\/\/www.anthealein.de\/index.php?rest_route=\/wp\/v2\/types\/post"}],"author":[{"embeddable":true,"href":"https:\/\/www.anthealein.de\/index.php?rest_route=\/wp\/v2\/users\/1"}],"replies":[{"embeddable":true,"href":"https:\/\/www.anthealein.de\/index.php?rest_route=%2Fwp%2Fv2%2Fcomments&post=7177"}],"version-history":[{"count":1,"href":"https:\/\/www.anthealein.de\/index.php?rest_route=\/wp\/v2\/posts\/7177\/revisions"}],"predecessor-version":[{"id":7178,"href":"https:\/\/www.anthealein.de\/index.php?rest_route=\/wp\/v2\/posts\/7177\/revisions\/7178"}],"wp:attachment":[{"href":"https:\/\/www.anthealein.de\/index.php?rest_route=%2Fwp%2Fv2%2Fmedia&parent=7177"}],"wp:term":[{"taxonomy":"category","embeddable":true,"href":"https:\/\/www.anthealein.de\/index.php?rest_route=%2Fwp%2Fv2%2Fcategories&post=7177"},{"taxonomy":"post_tag","embeddable":true,"href":"https:\/\/www.anthealein.de\/index.php?rest_route=%2Fwp%2Fv2%2Ftags&post=7177"}],"curies":[{"name":"wp","href":"https:\/\/api.w.org\/{rel}","templated":true}]}}