{"id":7145,"date":"2012-05-17T20:53:22","date_gmt":"2012-05-17T19:53:22","guid":{"rendered":"http:\/\/www.anthealein.de\/?p=7145"},"modified":"2012-05-17T20:53:22","modified_gmt":"2012-05-17T19:53:22","slug":"mein-kleiderschrank","status":"publish","type":"post","link":"https:\/\/www.anthealein.de\/?p=7145","title":{"rendered":"Mein Kleiderschrank &hellip;"},"content":{"rendered":"<p align=\"justify\">\u2026 erinnerte mich heute stark an die Tasche von Mary Poppins. <\/p>\n<p align=\"justify\">Die Kinder und ich l\u00fcmmelten heute morgen lange im Bett herum. Chris war ja arbeiten und uns dr\u00e4ngelte nichts. <\/p>\n<p align=\"justify\">Kurz nach 10 Uhr rief Melli an, ob meine Kinder Zeit f\u00fcr ihre Kinder h\u00e4tten. Sie hatten die Aufgabe \u00fcbernommen, die Kindergarten-Garage auf Vordermann zu bringen und wollten das heute erledigen. Also kam die ganze Familie vorbei, die Kinder blieben vorerst oben und die Erwachsenen gingen in den Hof. <\/p>\n<p align=\"justify\">Und weil die Kinder da noch friedlich spielten, machte ich mich endlich an meine Aufgabe: meinen Kleiderschrank aus zu misten. Alles raus, aussortiert und alles wieder ordentlich rein. Einen gro\u00dfen blauen M\u00fcllsack habe ich vollbekommen f\u00fcr die Altkleidersammlung. Den Rest wieder ordentlich in den Kleiderschrank rein und ich schw\u00f6re: ich hab nicht ein Fitzelchen mehr Platz als vorher shock . Keine Ahnung, wie der ganze Kram vorher in meinen Kleiderschrank gepasst hat.<\/p>\n<p align=\"justify\">Tja, irgendwann waren die Kinder nicht mehr ganz so friedlich und wir gingen alle nach unten. Jana musste zwischendrin noch mal nach oben und wurde von mir 3x ermahnt daran zu denken, den Schl\u00fcssel auch wieder mit nach unten zu bringen. Ihr ahnt es schon? Richtig: als ich dann mit Lena schnell auf Toilette musste, zog ich die T\u00fcr hinter mir zu und der Schl\u00fcssel lag drinnen unter dem Telefon. Zum Gl\u00fcck hatte ich mein Handy dabei und Opa war schnell angerufen und mit Ersatzschl\u00fcssel unterwegs.<\/p>\n<p align=\"justify\">Der Rest des Nachmittags verging mit Fernsehen und ein paar Brettspielen, bei denen ich gnadenlos verloren habe *seufz*.<\/p>\n<p align=\"justify\">Morgen fr\u00fch wird Valeska auf die Kinder aufpassen (ich hasse Br\u00fcckentage) und ab mittags \u00fcbernimmt Opa und will mit der Horde zu McDonalds fahren. <\/p>\n<p>&#160;<\/p>\n<p align=\"center\"><a href=\"http:\/\/www.anthealein.de\/wp-content\/uploads\/2012\/05\/17052012.jpg\"><img loading=\"lazy\" decoding=\"async\" style=\"background-image: none; border-bottom: 0px; border-left: 0px; padding-left: 0px; padding-right: 0px; display: inline; border-top: 0px; border-right: 0px; padding-top: 0px\" title=\"17052012\" border=\"0\" alt=\"17052012\" src=\"http:\/\/www.anthealein.de\/wp-content\/uploads\/2012\/05\/17052012_thumb.jpg\" width=\"504\" height=\"504\" \/><\/a><\/p>\n<p align=\"center\">&#160;<\/p>\n<p align=\"center\"><a href=\"http:\/\/www.anthealein.de\/wp-content\/uploads\/2012\/05\/17052012II.jpg\"><img loading=\"lazy\" decoding=\"async\" style=\"background-image: none; border-bottom: 0px; border-left: 0px; padding-left: 0px; padding-right: 0px; display: inline; border-top: 0px; border-right: 0px; padding-top: 0px\" title=\"17052012II\" border=\"0\" alt=\"17052012II\" src=\"http:\/\/www.anthealein.de\/wp-content\/uploads\/2012\/05\/17052012II_thumb.jpg\" width=\"504\" height=\"504\" \/><\/a><\/p>\n<p align=\"center\">&#160;<\/p>\n<p align=\"center\"><a href=\"http:\/\/www.anthealein.de\/wp-content\/uploads\/2012\/05\/17052012III.jpg\"><img loading=\"lazy\" decoding=\"async\" style=\"background-image: none; border-bottom: 0px; border-left: 0px; padding-left: 0px; padding-right: 0px; display: inline; border-top: 0px; border-right: 0px; padding-top: 0px\" title=\"17052012III\" border=\"0\" alt=\"17052012III\" src=\"http:\/\/www.anthealein.de\/wp-content\/uploads\/2012\/05\/17052012III_thumb.jpg\" width=\"504\" height=\"504\" \/><\/a><\/p>\n","protected":false},"excerpt":{"rendered":"<p>\u2026 erinnerte mich heute stark an die Tasche von Mary Poppins. Die Kinder und ich l\u00fcmmelten heute morgen lange im Bett herum. Chris war ja arbeiten und uns dr\u00e4ngelte nichts. Kurz nach 10 Uhr rief Melli an, ob meine Kinder Zeit f\u00fcr ihre Kinder h\u00e4tten. Sie hatten die Aufgabe \u00fcbernommen, die Kindergarten-Garage auf Vordermann zu [&hellip;]<\/p>\n","protected":false},"author":1,"featured_media":0,"comment_status":"open","ping_status":"open","sticky":false,"template":"","format":"standard","meta":{"footnotes":""},"categories":[3],"tags":[],"class_list":["post-7145","post","type-post","status-publish","format-standard","hentry","category-alles-mogliche"],"_links":{"self":[{"href":"https:\/\/www.anthealein.de\/index.php?rest_route=\/wp\/v2\/posts\/7145","targetHints":{"allow":["GET"]}}],"collection":[{"href":"https:\/\/www.anthealein.de\/index.php?rest_route=\/wp\/v2\/posts"}],"about":[{"href":"https:\/\/www.anthealein.de\/index.php?rest_route=\/wp\/v2\/types\/post"}],"author":[{"embeddable":true,"href":"https:\/\/www.anthealein.de\/index.php?rest_route=\/wp\/v2\/users\/1"}],"replies":[{"embeddable":true,"href":"https:\/\/www.anthealein.de\/index.php?rest_route=%2Fwp%2Fv2%2Fcomments&post=7145"}],"version-history":[{"count":1,"href":"https:\/\/www.anthealein.de\/index.php?rest_route=\/wp\/v2\/posts\/7145\/revisions"}],"predecessor-version":[{"id":7146,"href":"https:\/\/www.anthealein.de\/index.php?rest_route=\/wp\/v2\/posts\/7145\/revisions\/7146"}],"wp:attachment":[{"href":"https:\/\/www.anthealein.de\/index.php?rest_route=%2Fwp%2Fv2%2Fmedia&parent=7145"}],"wp:term":[{"taxonomy":"category","embeddable":true,"href":"https:\/\/www.anthealein.de\/index.php?rest_route=%2Fwp%2Fv2%2Fcategories&post=7145"},{"taxonomy":"post_tag","embeddable":true,"href":"https:\/\/www.anthealein.de\/index.php?rest_route=%2Fwp%2Fv2%2Ftags&post=7145"}],"curies":[{"name":"wp","href":"https:\/\/api.w.org\/{rel}","templated":true}]}}