{"id":7128,"date":"2012-05-14T20:41:58","date_gmt":"2012-05-14T19:41:58","guid":{"rendered":"http:\/\/www.anthealein.de\/?p=7128"},"modified":"2012-05-14T20:47:25","modified_gmt":"2012-05-14T19:47:25","slug":"schn-war-er-2","status":"publish","type":"post","link":"https:\/\/www.anthealein.de\/?p=7128","title":{"rendered":"Sch&ouml;n war er,"},"content":{"rendered":"<p align=\"justify\">mein Geburtstag. Und ich hab tats\u00e4chlich, nach all den Jahren in denen ich ihn mir gew\u00fcnscht habe (wie bei der SNES *g*), meinen Gutschein bekommen f\u00fcr eine Gesichtsbehandlung bei einer Kosmetikerin. Juhu *freu*. Verw\u00f6hnprogramm f\u00fcr mich *g*.<\/p>\n<p align=\"justify\">Morgens wurde ich von den Kindern mit Gesang geweckt und aus Teelichtern war ein Herz neben meinem Fr\u00fchst\u00fccksteller dekoriert worden :herz: . <\/p>\n<p align=\"justify\">Nach dem Fr\u00fchst\u00fcck Aufbruch f\u00fcr alle. Jana und Lena gingen in Kiga und Schule, Chris und ich fuhren einkaufen. Und Mittags dann mit den Kindern sch\u00f6n essen.<\/p>\n<p align=\"justify\">Nachmittags kam Siggi noch und in einer Tour klingelte das Telefon. Nebenbei rief auch die Assistenz\u00e4rztin von letzter Woche aus dem RNK an (und gratulierte mir auch gleich *g*): das Antibiotika, das ich bekommen habe, hilft gegen alle m\u00f6glichen Erreger. Aber nicht gegen den, den ich jetzt habe (eine Kultur wurde angelegt). Morgen habe ich in der Post ein neues Rezept. Noch mehr Antibiotika *seufz*. Jetzt muss ich hoffen, das es bis Montag zum neuen Untersuchungstermin auch wirkt.<\/p>\n<p align=\"justify\">&#160;<\/p>\n<p align=\"center\"><a href=\"http:\/\/www.anthealein.de\/wp-content\/uploads\/2012\/05\/14052012.jpg\"><img loading=\"lazy\" decoding=\"async\" style=\"background-image: none; border-bottom: 0px; border-left: 0px; padding-left: 0px; padding-right: 0px; display: inline; border-top: 0px; border-right: 0px; padding-top: 0px\" title=\"14052012\" border=\"0\" alt=\"14052012\" src=\"http:\/\/www.anthealein.de\/wp-content\/uploads\/2012\/05\/14052012_thumb.jpg\" width=\"504\" height=\"504\" \/><\/a>    <br \/>Monsieur Salz und Madam Pfeffer gab es von den Kindern <img decoding=\"async\" style=\"border-bottom-style: none; border-left-style: none; border-top-style: none; border-right-style: none\" class=\"wlEmoticon wlEmoticon-smile\" alt=\"Smiley\" src=\"http:\/\/www.anthealein.de\/wp-content\/uploads\/2012\/05\/wlEmoticon-smile2.png\" \/> . Besorgt von dem weltbesten Ehemann, der vor ein paar Wochen aufgepasst hat, als ich in der Stadt vor den s\u00fc\u00dfen Teilen stand und hin und her \u00fcberlegte :herz: .<\/p>\n<p align=\"center\">&#160;<\/p>\n<p align=\"center\"><a href=\"http:\/\/www.anthealein.de\/wp-content\/uploads\/2012\/05\/14052012II.jpg\"><img loading=\"lazy\" decoding=\"async\" style=\"background-image: none; border-bottom: 0px; border-left: 0px; padding-left: 0px; padding-right: 0px; display: inline; border-top: 0px; border-right: 0px; padding-top: 0px\" title=\"14052012II\" border=\"0\" alt=\"14052012II\" src=\"http:\/\/www.anthealein.de\/wp-content\/uploads\/2012\/05\/14052012II_thumb.jpg\" width=\"504\" height=\"504\" \/><\/a>    <br \/>Den gab es gestern schon *g*.<\/p>\n<p align=\"center\">&#160;<\/p>\n<p align=\"center\"><a href=\"http:\/\/www.anthealein.de\/wp-content\/uploads\/2012\/05\/14052012III.jpg\"><img loading=\"lazy\" decoding=\"async\" style=\"background-image: none; border-bottom: 0px; border-left: 0px; padding-left: 0px; padding-right: 0px; display: inline; border-top: 0px; border-right: 0px; padding-top: 0px\" title=\"14052012III\" border=\"0\" alt=\"14052012III\" src=\"http:\/\/www.anthealein.de\/wp-content\/uploads\/2012\/05\/14052012III_thumb.jpg\" width=\"504\" height=\"504\" \/><\/a>    <br \/>So was von Gerdes dieses Kind. Genau SO sah meine Cousine 2. Grades als Kind aus (Irene: von Stine die Enkelin, Carola). Lustigerweise sieht Carolas Kind daf\u00fcr genau wie Jana aus :umfall: .<\/p>\n<p align=\"center\">&#160;<\/p>\n<p align=\"center\"><a href=\"http:\/\/www.anthealein.de\/wp-content\/uploads\/2012\/05\/14052012IV.jpg\"><img loading=\"lazy\" decoding=\"async\" style=\"background-image: none; border-bottom: 0px; border-left: 0px; padding-left: 0px; padding-right: 0px; display: inline; border-top: 0px; border-right: 0px; padding-top: 0px\" title=\"14052012IV\" border=\"0\" alt=\"14052012IV\" src=\"http:\/\/www.anthealein.de\/wp-content\/uploads\/2012\/05\/14052012IV_thumb.jpg\" width=\"504\" height=\"504\" \/><\/a>    <br \/>Chris + Siggi suchten Fernseher, w\u00e4hrend Lena vom Couchrand sprang und aufgefangen werden wollte und Jana sich meine Kamera nahm.<\/p>\n<p align=\"center\">&#160;<\/p>\n<p align=\"center\"><a href=\"http:\/\/www.anthealein.de\/wp-content\/uploads\/2012\/05\/14052012V.jpg\"><img loading=\"lazy\" decoding=\"async\" style=\"background-image: none; border-bottom: 0px; border-left: 0px; padding-left: 0px; padding-right: 0px; display: inline; border-top: 0px; border-right: 0px; padding-top: 0px\" title=\"14052012V\" border=\"0\" alt=\"14052012V\" src=\"http:\/\/www.anthealein.de\/wp-content\/uploads\/2012\/05\/14052012V_thumb.jpg\" width=\"504\" height=\"504\" \/><\/a><\/p>\n","protected":false},"excerpt":{"rendered":"<p>mein Geburtstag. Und ich hab tats\u00e4chlich, nach all den Jahren in denen ich ihn mir gew\u00fcnscht habe (wie bei der SNES *g*), meinen Gutschein bekommen f\u00fcr eine Gesichtsbehandlung bei einer Kosmetikerin. Juhu *freu*. Verw\u00f6hnprogramm f\u00fcr mich *g*. Morgens wurde ich von den Kindern mit Gesang geweckt und aus Teelichtern war ein Herz neben meinem Fr\u00fchst\u00fccksteller [&hellip;]<\/p>\n","protected":false},"author":1,"featured_media":0,"comment_status":"open","ping_status":"open","sticky":false,"template":"","format":"standard","meta":{"footnotes":""},"categories":[3],"tags":[],"class_list":["post-7128","post","type-post","status-publish","format-standard","hentry","category-alles-mogliche"],"_links":{"self":[{"href":"https:\/\/www.anthealein.de\/index.php?rest_route=\/wp\/v2\/posts\/7128","targetHints":{"allow":["GET"]}}],"collection":[{"href":"https:\/\/www.anthealein.de\/index.php?rest_route=\/wp\/v2\/posts"}],"about":[{"href":"https:\/\/www.anthealein.de\/index.php?rest_route=\/wp\/v2\/types\/post"}],"author":[{"embeddable":true,"href":"https:\/\/www.anthealein.de\/index.php?rest_route=\/wp\/v2\/users\/1"}],"replies":[{"embeddable":true,"href":"https:\/\/www.anthealein.de\/index.php?rest_route=%2Fwp%2Fv2%2Fcomments&post=7128"}],"version-history":[{"count":2,"href":"https:\/\/www.anthealein.de\/index.php?rest_route=\/wp\/v2\/posts\/7128\/revisions"}],"predecessor-version":[{"id":7130,"href":"https:\/\/www.anthealein.de\/index.php?rest_route=\/wp\/v2\/posts\/7128\/revisions\/7130"}],"wp:attachment":[{"href":"https:\/\/www.anthealein.de\/index.php?rest_route=%2Fwp%2Fv2%2Fmedia&parent=7128"}],"wp:term":[{"taxonomy":"category","embeddable":true,"href":"https:\/\/www.anthealein.de\/index.php?rest_route=%2Fwp%2Fv2%2Fcategories&post=7128"},{"taxonomy":"post_tag","embeddable":true,"href":"https:\/\/www.anthealein.de\/index.php?rest_route=%2Fwp%2Fv2%2Ftags&post=7128"}],"curies":[{"name":"wp","href":"https:\/\/api.w.org\/{rel}","templated":true}]}}