{"id":7112,"date":"2012-05-13T18:59:41","date_gmt":"2012-05-13T17:59:41","guid":{"rendered":"http:\/\/www.anthealein.de\/?p=7112"},"modified":"2012-05-13T19:04:34","modified_gmt":"2012-05-13T18:04:34","slug":"den-muttertag","status":"publish","type":"post","link":"https:\/\/www.anthealein.de\/?p=7112","title":{"rendered":"Den Muttertag &hellip;"},"content":{"rendered":"<p align=\"justify\">\u2026 gut bei Schwiegereltern \u00fcberstanden. Morgen wird ein relativ ruhiger Tag. Walli hat Sp\u00e4tschicht, weshalb nur Siggi kurz vorbei kommt. Und morgen Vormittag wollen Chris und ich mein Geschenk besorgen und beim Sanit\u00e4tshaus vorbei (die hoffentlich morgen meine Lieferung bekommen). Morgen Mittag gehen wir mit den Kindern sch\u00f6n essen. Gaaaaaaaaanz ruhig dieses Jahr.<\/p>\n<p align=\"justify\">Jana macht momentan einen Schwimmkurs. Da das \u00dcbungsbecken dort nicht tief genug ist, werden jetzt nach und nach die schon guten Kinder aufgefordert, ins gro\u00dfe Schwimmbad zu kommen. Jana war heute da, hat auch eine Bahn wunderbar geschafft und wollte dann partout noch eine Bahn und ihr Seepferdchen machen. Da hat ihr der leichte Schnupfen, den sie noch hat, aber einen Strich durch die Rechnung gemacht und nach Hause kam eine ziemlich stinkige (auf sich selbst) Jana. N\u00e4chster Anlauf: n\u00e4chste Woche und dann frisch ausgeruht und ohne leichte Erk\u00e4ltung. Daf\u00fcr, das sie letzte Woche noch mit Schwimmhilfen geschwommen ist, war die ganze Bahn ohne jegliche Hilfe + der halben noch danach schon eine ganze Menge.<\/p>\n<p>&#160;<\/p>\n<p align=\"center\"><a href=\"http:\/\/www.anthealein.de\/wp-content\/uploads\/2012\/05\/13052012.jpg\"><img loading=\"lazy\" decoding=\"async\" style=\"background-image: none; border-bottom: 0px; border-left: 0px; padding-left: 0px; padding-right: 0px; display: inline; border-top: 0px; border-right: 0px; padding-top: 0px\" title=\"13052012\" border=\"0\" alt=\"13052012\" src=\"http:\/\/www.anthealein.de\/wp-content\/uploads\/2012\/05\/13052012_thumb.jpg\" width=\"504\" height=\"504\" \/><\/a><\/p>\n<p align=\"center\">&#160;<\/p>\n<p align=\"left\">Kinder:   <br \/>&#8211; Ich hab vor ein paar Tagen Jana in ihr Zimmer gerufen, weil ihr (von mir frisch aufger\u00e4umter) Kleiderschrank weit auf stand. Hosen durcheinander, Pullover rausgerissen und einfach wieder reingestopft. Kind kommt rein, schaut ihren Schrank an, schaut mich an, greift an mir vorbei und macht die Schrankt\u00fcr zu. Zuckt mit den Schultern und kommentiert \u201cmusst es dir ja nicht anschauen\u201d. shock     <br \/>&#8211; Lena gestern, sie hatte einen Hautauschlag: \u201cVielleicht hab ich eine Magergie?\u201d    <br \/>&#8211; Lena heute: schnappte sich meine Zeitung und malte in meinem Sudoku rum. Eine 1 (wenigstens im falschen Feld *g*). Jana daraufhin \u201cLena kann noch mehr schreiben. Lena, schreib mal ein H!\u201d. Ich: \u201cDas kann Lena noch nicht.\u201d. Hmpf, ich hatte unrecht. I, L und noch ein paar andere Buchstaben haben die beiden klammheimlich die letzten Wochen ge\u00fcbt. <\/p>\n","protected":false},"excerpt":{"rendered":"<p>\u2026 gut bei Schwiegereltern \u00fcberstanden. Morgen wird ein relativ ruhiger Tag. Walli hat Sp\u00e4tschicht, weshalb nur Siggi kurz vorbei kommt. Und morgen Vormittag wollen Chris und ich mein Geschenk besorgen und beim Sanit\u00e4tshaus vorbei (die hoffentlich morgen meine Lieferung bekommen). Morgen Mittag gehen wir mit den Kindern sch\u00f6n essen. Gaaaaaaaaanz ruhig dieses Jahr. Jana macht [&hellip;]<\/p>\n","protected":false},"author":1,"featured_media":0,"comment_status":"open","ping_status":"open","sticky":false,"template":"","format":"standard","meta":{"footnotes":""},"categories":[3],"tags":[],"class_list":["post-7112","post","type-post","status-publish","format-standard","hentry","category-alles-mogliche"],"_links":{"self":[{"href":"https:\/\/www.anthealein.de\/index.php?rest_route=\/wp\/v2\/posts\/7112","targetHints":{"allow":["GET"]}}],"collection":[{"href":"https:\/\/www.anthealein.de\/index.php?rest_route=\/wp\/v2\/posts"}],"about":[{"href":"https:\/\/www.anthealein.de\/index.php?rest_route=\/wp\/v2\/types\/post"}],"author":[{"embeddable":true,"href":"https:\/\/www.anthealein.de\/index.php?rest_route=\/wp\/v2\/users\/1"}],"replies":[{"embeddable":true,"href":"https:\/\/www.anthealein.de\/index.php?rest_route=%2Fwp%2Fv2%2Fcomments&post=7112"}],"version-history":[{"count":4,"href":"https:\/\/www.anthealein.de\/index.php?rest_route=\/wp\/v2\/posts\/7112\/revisions"}],"predecessor-version":[{"id":7116,"href":"https:\/\/www.anthealein.de\/index.php?rest_route=\/wp\/v2\/posts\/7112\/revisions\/7116"}],"wp:attachment":[{"href":"https:\/\/www.anthealein.de\/index.php?rest_route=%2Fwp%2Fv2%2Fmedia&parent=7112"}],"wp:term":[{"taxonomy":"category","embeddable":true,"href":"https:\/\/www.anthealein.de\/index.php?rest_route=%2Fwp%2Fv2%2Fcategories&post=7112"},{"taxonomy":"post_tag","embeddable":true,"href":"https:\/\/www.anthealein.de\/index.php?rest_route=%2Fwp%2Fv2%2Ftags&post=7112"}],"curies":[{"name":"wp","href":"https:\/\/api.w.org\/{rel}","templated":true}]}}