{"id":34761,"date":"2025-08-05T19:13:05","date_gmt":"2025-08-05T18:13:05","guid":{"rendered":"http:\/\/www.anthealein.de\/?p=34761"},"modified":"2025-08-05T19:13:05","modified_gmt":"2025-08-05T18:13:05","slug":"mi-und-nele-2","status":"publish","type":"post","link":"https:\/\/www.anthealein.de\/?p=34761","title":{"rendered":"Mi und Nele &hellip;"},"content":{"rendered":"<p align=\"justify\">\u2026 waren heute da, um mit uns bei Schwies Opas Geburtstag zu feiern. Ansonsten: Physio f\u00fcr den Arm, ich habe Doppeltermine. 15 Minuten passiv, 15 Minuten \u00dcbungen aktiv. F\u00fcr zu Hause hat er mir auch eine Reihe \u00dcbungen gezeigt, die ich machen kann.<\/p>\n<p align=\"justify\">&nbsp;<\/p>\n<p><a href=\"http:\/\/www.anthealein.de\/wp-content\/uploads\/2025\/08\/05082025.jpg\"><img loading=\"lazy\" decoding=\"async\" title=\"05082025\" style=\"border-top: 0px; border-right: 0px; background-image: none; border-bottom: 0px; float: none; padding-top: 0px; padding-left: 0px; margin-left: auto; border-left: 0px; display: block; padding-right: 0px; margin-right: auto\" border=\"0\" alt=\"05082025\" src=\"http:\/\/www.anthealein.de\/wp-content\/uploads\/2025\/08\/05082025_thumb.jpg\" width=\"379\" height=\"504\"><\/a><\/p>\n","protected":false},"excerpt":{"rendered":"<p>\u2026 waren heute da, um mit uns bei Schwies Opas Geburtstag zu feiern. Ansonsten: Physio f\u00fcr den Arm, ich habe Doppeltermine. 15 Minuten passiv, 15 Minuten \u00dcbungen aktiv. F\u00fcr zu Hause hat er mir auch eine Reihe \u00dcbungen gezeigt, die ich machen kann. &nbsp;<\/p>\n","protected":false},"author":1,"featured_media":0,"comment_status":"open","ping_status":"","sticky":false,"template":"","format":"standard","meta":{"footnotes":""},"categories":[3],"tags":[],"class_list":["post-34761","post","type-post","status-publish","format-standard","hentry","category-alles-mogliche"],"_links":{"self":[{"href":"https:\/\/www.anthealein.de\/index.php?rest_route=\/wp\/v2\/posts\/34761","targetHints":{"allow":["GET"]}}],"collection":[{"href":"https:\/\/www.anthealein.de\/index.php?rest_route=\/wp\/v2\/posts"}],"about":[{"href":"https:\/\/www.anthealein.de\/index.php?rest_route=\/wp\/v2\/types\/post"}],"author":[{"embeddable":true,"href":"https:\/\/www.anthealein.de\/index.php?rest_route=\/wp\/v2\/users\/1"}],"replies":[{"embeddable":true,"href":"https:\/\/www.anthealein.de\/index.php?rest_route=%2Fwp%2Fv2%2Fcomments&post=34761"}],"version-history":[{"count":1,"href":"https:\/\/www.anthealein.de\/index.php?rest_route=\/wp\/v2\/posts\/34761\/revisions"}],"predecessor-version":[{"id":34762,"href":"https:\/\/www.anthealein.de\/index.php?rest_route=\/wp\/v2\/posts\/34761\/revisions\/34762"}],"wp:attachment":[{"href":"https:\/\/www.anthealein.de\/index.php?rest_route=%2Fwp%2Fv2%2Fmedia&parent=34761"}],"wp:term":[{"taxonomy":"category","embeddable":true,"href":"https:\/\/www.anthealein.de\/index.php?rest_route=%2Fwp%2Fv2%2Fcategories&post=34761"},{"taxonomy":"post_tag","embeddable":true,"href":"https:\/\/www.anthealein.de\/index.php?rest_route=%2Fwp%2Fv2%2Ftags&post=34761"}],"curies":[{"name":"wp","href":"https:\/\/api.w.org\/{rel}","templated":true}]}}