{"id":16868,"date":"2015-12-28T22:31:52","date_gmt":"2015-12-28T20:31:52","guid":{"rendered":"http:\/\/www.anthealein.de\/?p=16868"},"modified":"2015-12-28T22:33:35","modified_gmt":"2015-12-28T20:33:35","slug":"vllig-platt-2","status":"publish","type":"post","link":"https:\/\/www.anthealein.de\/?p=16868","title":{"rendered":"V&ouml;llig platt &hellip;"},"content":{"rendered":"<p>&#160;<\/p>\n<p align=\"justify\">\u2026 d\u00fcrften Peter, Mario und Chris gleich sein bei ihrer Ankunft. Heute morgen ging schon um kurz vor 6 Uhr unser Wecker. Lena wurde auch wach und wurde in mein Bett gescheucht, Chris ging Br\u00f6tchen holen und fing an zu packen, w\u00e4hrend ich die ganzen Br\u00f6tchen dann schmierte f\u00fcr die lange Fahrt. Um kurz nach 7 Uhr fuhren er und Mario Peter holen und zu dritt holten sie den LKW ab und los ging es in Richtung Nordrhein-Westfalen. Noch hinter Dortmund mussten sie fahren, um meiner Freundin beim Umzug zu helfen. <\/p>\n<p align=\"justify\">Meine Freundin hatte anscheinend schon gut vor gearbeitet. Kurz nach 12 Uhr waren die M\u00e4nner da, um 13 Uhr waren schon alle Kartons verstaut und um 16 Uhr waren auch die M\u00f6bel drin und die M\u00e4nner auf dem Weg, sich noch was zum Essen zu besorgen vor der langen Heimfahrt. Und jetzt sind sie kurz vor zu Hause und ihr Bett praktisch schon in Sicht. Ausgepackt wird morgen bei meiner Freundin, heute bleibt der LKW in unserer Stra\u00dfe stehen. <\/p>\n<p align=\"justify\">Und ich? Hatte heute die Nachbarskinder, weil der Papa ja mit Chris unterwegs war und die Mama arbeiten musste. Kurz nach 8 Uhr kamen die beiden Jungs hoch und obwohl ihre Mama schon am fr\u00fchen Nachmittag wieder zu Hause war, blieben sie bis 18 Uhr.<\/p>\n<p align=\"justify\">&#160;<\/p>\n<p align=\"center\"><a href=\"http:\/\/www.anthealein.de\/wp-content\/uploads\/2015\/12\/28122015.jpg\"><img loading=\"lazy\" decoding=\"async\" title=\"28122015\" style=\"border-top: 0px; border-right: 0px; background-image: none; border-bottom: 0px; padding-top: 0px; padding-left: 0px; border-left: 0px; display: inline; padding-right: 0px\" border=\"0\" alt=\"28122015\" src=\"http:\/\/www.anthealein.de\/wp-content\/uploads\/2015\/12\/28122015_thumb.jpg\" width=\"504\" height=\"504\" \/><\/a>    <br \/>8.30 Uhr *g\u00e4hn*<\/p>\n<p align=\"center\">&#160;<\/p>\n<p align=\"center\"><a href=\"http:\/\/www.anthealein.de\/wp-content\/uploads\/2015\/12\/28122015II.jpg\"><img loading=\"lazy\" decoding=\"async\" title=\"28122015II\" style=\"border-top: 0px; border-right: 0px; background-image: none; border-bottom: 0px; padding-top: 0px; padding-left: 0px; border-left: 0px; display: inline; padding-right: 0px\" border=\"0\" alt=\"28122015II\" src=\"http:\/\/www.anthealein.de\/wp-content\/uploads\/2015\/12\/28122015II_thumb.jpg\" width=\"504\" height=\"454\" \/><\/a>    <br \/>Birne 1 im Flur: kaputt, Birne 2 in der K\u00fcche: auch kaputt. Dank Janas Schreibtischlampe ergaben sich dann Schattenbilder an der Wand <img decoding=\"async\" class=\"wlEmoticon wlEmoticon-smile\" style=\"border-top-style: none; border-bottom-style: none; border-right-style: none; border-left-style: none\" alt=\"Smiley\" src=\"http:\/\/www.anthealein.de\/wp-content\/uploads\/2015\/12\/wlEmoticon-smile10.png\" \/>.<\/p>\n","protected":false},"excerpt":{"rendered":"<p>&#160; \u2026 d\u00fcrften Peter, Mario und Chris gleich sein bei ihrer Ankunft. Heute morgen ging schon um kurz vor 6 Uhr unser Wecker. Lena wurde auch wach und wurde in mein Bett gescheucht, Chris ging Br\u00f6tchen holen und fing an zu packen, w\u00e4hrend ich die ganzen Br\u00f6tchen dann schmierte f\u00fcr die lange Fahrt. Um kurz [&hellip;]<\/p>\n","protected":false},"author":1,"featured_media":0,"comment_status":"open","ping_status":"open","sticky":false,"template":"","format":"standard","meta":{"footnotes":""},"categories":[3],"tags":[],"class_list":["post-16868","post","type-post","status-publish","format-standard","hentry","category-alles-mogliche"],"_links":{"self":[{"href":"https:\/\/www.anthealein.de\/index.php?rest_route=\/wp\/v2\/posts\/16868","targetHints":{"allow":["GET"]}}],"collection":[{"href":"https:\/\/www.anthealein.de\/index.php?rest_route=\/wp\/v2\/posts"}],"about":[{"href":"https:\/\/www.anthealein.de\/index.php?rest_route=\/wp\/v2\/types\/post"}],"author":[{"embeddable":true,"href":"https:\/\/www.anthealein.de\/index.php?rest_route=\/wp\/v2\/users\/1"}],"replies":[{"embeddable":true,"href":"https:\/\/www.anthealein.de\/index.php?rest_route=%2Fwp%2Fv2%2Fcomments&post=16868"}],"version-history":[{"count":2,"href":"https:\/\/www.anthealein.de\/index.php?rest_route=\/wp\/v2\/posts\/16868\/revisions"}],"predecessor-version":[{"id":16870,"href":"https:\/\/www.anthealein.de\/index.php?rest_route=\/wp\/v2\/posts\/16868\/revisions\/16870"}],"wp:attachment":[{"href":"https:\/\/www.anthealein.de\/index.php?rest_route=%2Fwp%2Fv2%2Fmedia&parent=16868"}],"wp:term":[{"taxonomy":"category","embeddable":true,"href":"https:\/\/www.anthealein.de\/index.php?rest_route=%2Fwp%2Fv2%2Fcategories&post=16868"},{"taxonomy":"post_tag","embeddable":true,"href":"https:\/\/www.anthealein.de\/index.php?rest_route=%2Fwp%2Fv2%2Ftags&post=16868"}],"curies":[{"name":"wp","href":"https:\/\/api.w.org\/{rel}","templated":true}]}}