{"id":16861,"date":"2015-12-27T22:37:57","date_gmt":"2015-12-27T20:37:57","guid":{"rendered":"http:\/\/www.anthealein.de\/?p=16861"},"modified":"2015-12-27T22:37:57","modified_gmt":"2015-12-27T20:37:57","slug":"einen-engelsrufer","status":"publish","type":"post","link":"https:\/\/www.anthealein.de\/?p=16861","title":{"rendered":"Einen Engelsrufer, &hellip;"},"content":{"rendered":"<p align=\"justify\">&#160;<\/p>\n<p align=\"justify\">\u2026 hatte ich mir schon letztes Jahr gew\u00fcnscht. Eigentlich sogar noch l\u00e4nger, glaube ich. Und dieses Jahr habe ich zu Weihnachten von Chris und den Kindern einen bekommen. Mit Kette, die mir leider zu lang war. Also verbanden wir unseren dringend n\u00f6tigen Spaziergang heute mit dem Weg in die verkaufsoffene Innenstadt. Und da ich schon zwei Ketten in der gleichen Art habe, habe ich mich kurzentschlossen f\u00fcr eine andere Kettenart entschieden und die bestellt. Vorr\u00e4tig hatten sie die Kette leider nicht. <\/p>\n<p align=\"justify\">Tiger war der n\u00e4chste Stop auf meiner Liste. Eigentlich wollte ich nach einer Folie f\u00fcr Janas i-Pad schauen. Die gab es nicht. Aber daf\u00fcr ein Autoladekabel und eine Halterung f\u00fcr Chris\u2019 neues Handy. Und Haarklammern. Und Haargummis. Alles dringend gebraucht <img decoding=\"async\" class=\"wlEmoticon wlEmoticon-smile\" style=\"border-top-style: none; border-bottom-style: none; border-right-style: none; border-left-style: none\" alt=\"Smiley\" src=\"http:\/\/www.anthealein.de\/wp-content\/uploads\/2015\/12\/wlEmoticon-smile9.png\" \/> .<\/p>\n<p align=\"justify\">Morgen fr\u00fch wird Chris mit P. und unserem Nachbarn schon ganz fr\u00fch in Richtung Nordrhein-Westfalen aufbrechen (und ich werde davor zig Br\u00f6tchen schmieren) um eine Freundin von mir mit ihren Kindern und deren gesamten Hab und Gut einzusammeln. Meine Freundin und ihre Kinder wird er Abends bei ihrem neuen\/alten Zuhause absetzen, den LKW werden wir dann alle zusammen \u00fcbermorgen ausr\u00e4umen. Und ich freu mich schon so richtig <img decoding=\"async\" class=\"wlEmoticon wlEmoticon-openmouthedsmile\" style=\"border-top-style: none; border-bottom-style: none; border-right-style: none; border-left-style: none\" alt=\"Smiley mit ge\u00f6ffnetem Mund\" src=\"http:\/\/www.anthealein.de\/wp-content\/uploads\/2015\/12\/wlEmoticon-openmouthedsmile10.png\" \/>. Da unser Nachbar nun morgen mit Chris weg ist und seine Frau zwischen den Tagen arbeiten muss, \u00fcbernehme ich die gesamte Kinderschaar und werde morgen fr\u00fch ein volles Haus haben. Und morgen Nachmittag auch. <\/p>\n<p align=\"justify\">&#160;<\/p>\n<p align=\"center\"><a href=\"http:\/\/www.anthealein.de\/wp-content\/uploads\/2015\/12\/27122015.jpg\"><img loading=\"lazy\" decoding=\"async\" title=\"27122015\" style=\"border-top: 0px; border-right: 0px; background-image: none; border-bottom: 0px; padding-top: 0px; padding-left: 0px; border-left: 0px; display: inline; padding-right: 0px\" border=\"0\" alt=\"27122015\" src=\"http:\/\/www.anthealein.de\/wp-content\/uploads\/2015\/12\/27122015_thumb.jpg\" width=\"404\" height=\"504\" \/><\/a><\/p>\n","protected":false},"excerpt":{"rendered":"<p>&#160; \u2026 hatte ich mir schon letztes Jahr gew\u00fcnscht. Eigentlich sogar noch l\u00e4nger, glaube ich. Und dieses Jahr habe ich zu Weihnachten von Chris und den Kindern einen bekommen. Mit Kette, die mir leider zu lang war. Also verbanden wir unseren dringend n\u00f6tigen Spaziergang heute mit dem Weg in die verkaufsoffene Innenstadt. Und da ich [&hellip;]<\/p>\n","protected":false},"author":1,"featured_media":0,"comment_status":"open","ping_status":"open","sticky":false,"template":"","format":"standard","meta":{"footnotes":""},"categories":[3],"tags":[],"class_list":["post-16861","post","type-post","status-publish","format-standard","hentry","category-alles-mogliche"],"_links":{"self":[{"href":"https:\/\/www.anthealein.de\/index.php?rest_route=\/wp\/v2\/posts\/16861","targetHints":{"allow":["GET"]}}],"collection":[{"href":"https:\/\/www.anthealein.de\/index.php?rest_route=\/wp\/v2\/posts"}],"about":[{"href":"https:\/\/www.anthealein.de\/index.php?rest_route=\/wp\/v2\/types\/post"}],"author":[{"embeddable":true,"href":"https:\/\/www.anthealein.de\/index.php?rest_route=\/wp\/v2\/users\/1"}],"replies":[{"embeddable":true,"href":"https:\/\/www.anthealein.de\/index.php?rest_route=%2Fwp%2Fv2%2Fcomments&post=16861"}],"version-history":[{"count":1,"href":"https:\/\/www.anthealein.de\/index.php?rest_route=\/wp\/v2\/posts\/16861\/revisions"}],"predecessor-version":[{"id":16862,"href":"https:\/\/www.anthealein.de\/index.php?rest_route=\/wp\/v2\/posts\/16861\/revisions\/16862"}],"wp:attachment":[{"href":"https:\/\/www.anthealein.de\/index.php?rest_route=%2Fwp%2Fv2%2Fmedia&parent=16861"}],"wp:term":[{"taxonomy":"category","embeddable":true,"href":"https:\/\/www.anthealein.de\/index.php?rest_route=%2Fwp%2Fv2%2Fcategories&post=16861"},{"taxonomy":"post_tag","embeddable":true,"href":"https:\/\/www.anthealein.de\/index.php?rest_route=%2Fwp%2Fv2%2Ftags&post=16861"}],"curies":[{"name":"wp","href":"https:\/\/api.w.org\/{rel}","templated":true}]}}