{"id":16501,"date":"2015-11-18T22:01:51","date_gmt":"2015-11-18T20:01:51","guid":{"rendered":"http:\/\/www.anthealein.de\/?p=16501"},"modified":"2015-11-18T22:01:51","modified_gmt":"2015-11-18T20:01:51","slug":"eigentlich-15","status":"publish","type":"post","link":"https:\/\/www.anthealein.de\/?p=16501","title":{"rendered":"Eigentlich &hellip;"},"content":{"rendered":"<p>&#160;<\/p>\n<p align=\"justify\">\u2026 war ich nicht so begeistert, als Jana anfing mit dem Ballett. Das lag nicht am Ballett an sich, das habe ich als Kind geliebt. Mein Problem mit dem Ballett lag bei den Eltern und den anderen Kindern, als ich damals hin ging. Ok, mit den Kindern habe ich ja kaum zu tun und Jana kann sich gut selber wehren, wenn es sein muss. Aber die Eltern bekomme ich haupts\u00e4chlich mit. Und immer kommt man auch nicht drum herum, wenn man auf die Kinder wartet, die Gespr\u00e4che mitzubekommen. Und manchmal denke ich dann, das ich in einer Parallelwelt oder so leben muss.<\/p>\n<p align=\"justify\">Das fing schon gut an letztes Jahr mit der Mutter, die sich dar\u00fcber aufregte, das ihre Schwiegermutter unangek\u00fcndigt kurz vor 18 Uhr vor der T\u00fcr stand. Ok, h\u00e4tte ich verstanden, wenn sie ein schlechtes Verh\u00e4ltnis zu ebendieser h\u00e4tte. Ihr jedoch ging es nur darum, wie sich im Gespr\u00e4chsverlauf zeigte, das ab 18 Uhr das Abendprogramm der Familie beginnt. Ok, auch das kann ich verstehen. Nicht unbedingt jedoch ihren Kommentar, das Kind 1 dann in die Wanne m\u00fcsse, Kind 2 vor den Fernseher und sie dann in Ruhe ihr \u201cGlas Sektchen oder Weinchen genie\u00dfen\u201d wollen w\u00fcrde. <\/p>\n<p align=\"justify\">Oder letztens: das kaputte Auto. M. (nennen wir sie M., ich habe keine Ahnung wie sie wirklich hei\u00dft) regte sich \u00fcber ihr kaputtes Auto auf. Reparatur sollte um die 3500 Euro kosten, und dann ist bestimmt bald das n\u00e4chste kaputt, sie wolle lieber gleich ein neues Auto kaufen. Und sie h\u00e4tte sich umgeschaut und bei Hyundai bek\u00e4me sie f\u00fcr 30000 Euro ein Modell mit viel mehr Extras, das ebenb\u00fcrtig dem VW Touareg w\u00e4re. Das s\u00e4he sie dann ja gar nicht ein, 70000 Euro f\u00fcr den VW hinzubl\u00e4ttern. <\/p>\n<p align=\"justify\">Angesichts dessen h\u00e4tte mich der bissige Kommentar eines Vaters heute wohl auch nicht \u00fcberraschen sollen. Ein Kind kam in den Warteraum zu ihrer Mutter gelaufen (die eigentlich eine von den Netten ist) und \u00fcberfiel sie mit der Info, das sie dringend so \u201cDinger\u201d f\u00fcr die Schuhe br\u00e4uchte, f\u00fcr vorne. Ihre Mutter hatte offensichtlich keine Ahnung, was das Kind meinte. Da ich vor ein paar Wochen den Spa\u00df auch schon holen musste und leicht konfus vor dem Regal bei Rossmann gestanden habe, habe ich kurz erkl\u00e4rt, was ihre Tochter meint und habe dabei im Nebensatz erw\u00e4hnt, das die Dinger \u201c3,20 Euro oder so\u201d kosten w\u00fcrden, also \u201cnicht die Welt\u201d (Regel Nr. 1: halt die Klappe, Karin!). Und das eigentlich auch nur, weil es mir immer leichter f\u00e4llt mich im Regal zu orientieren, wenn ich eine ungef\u00e4hre Preisvorstellung habe von dem was ich suchen soll. Kam vom Vater der Kommentar an die Mutter: \u201cAber nur das du es wei\u00dft, bei 3,30 Euro h\u00f6rt der Spa\u00df auf!!!\u201d. <\/p>\n<p align=\"justify\">In solchen Momenten erinnere ich mich wieder daran, wieso ich Ballett f\u00fcr eine schlechte Idee gehalten habe *seufz*. <\/p>\n<p align=\"justify\">&#160;<\/p>\n<p align=\"center\"><a href=\"http:\/\/www.anthealein.de\/wp-content\/uploads\/2015\/11\/18112015.jpg\"><img loading=\"lazy\" decoding=\"async\" title=\"18112015\" style=\"border-top: 0px; border-right: 0px; background-image: none; border-bottom: 0px; padding-top: 0px; padding-left: 0px; border-left: 0px; display: inline; padding-right: 0px\" border=\"0\" alt=\"18112015\" src=\"http:\/\/www.anthealein.de\/wp-content\/uploads\/2015\/11\/18112015_thumb.jpg\" width=\"504\" height=\"404\" \/><\/a><\/p>\n","protected":false},"excerpt":{"rendered":"<p>&#160; \u2026 war ich nicht so begeistert, als Jana anfing mit dem Ballett. Das lag nicht am Ballett an sich, das habe ich als Kind geliebt. Mein Problem mit dem Ballett lag bei den Eltern und den anderen Kindern, als ich damals hin ging. Ok, mit den Kindern habe ich ja kaum zu tun und [&hellip;]<\/p>\n","protected":false},"author":1,"featured_media":0,"comment_status":"open","ping_status":"open","sticky":false,"template":"","format":"standard","meta":{"footnotes":""},"categories":[3],"tags":[],"class_list":["post-16501","post","type-post","status-publish","format-standard","hentry","category-alles-mogliche"],"_links":{"self":[{"href":"https:\/\/www.anthealein.de\/index.php?rest_route=\/wp\/v2\/posts\/16501","targetHints":{"allow":["GET"]}}],"collection":[{"href":"https:\/\/www.anthealein.de\/index.php?rest_route=\/wp\/v2\/posts"}],"about":[{"href":"https:\/\/www.anthealein.de\/index.php?rest_route=\/wp\/v2\/types\/post"}],"author":[{"embeddable":true,"href":"https:\/\/www.anthealein.de\/index.php?rest_route=\/wp\/v2\/users\/1"}],"replies":[{"embeddable":true,"href":"https:\/\/www.anthealein.de\/index.php?rest_route=%2Fwp%2Fv2%2Fcomments&post=16501"}],"version-history":[{"count":1,"href":"https:\/\/www.anthealein.de\/index.php?rest_route=\/wp\/v2\/posts\/16501\/revisions"}],"predecessor-version":[{"id":16502,"href":"https:\/\/www.anthealein.de\/index.php?rest_route=\/wp\/v2\/posts\/16501\/revisions\/16502"}],"wp:attachment":[{"href":"https:\/\/www.anthealein.de\/index.php?rest_route=%2Fwp%2Fv2%2Fmedia&parent=16501"}],"wp:term":[{"taxonomy":"category","embeddable":true,"href":"https:\/\/www.anthealein.de\/index.php?rest_route=%2Fwp%2Fv2%2Fcategories&post=16501"},{"taxonomy":"post_tag","embeddable":true,"href":"https:\/\/www.anthealein.de\/index.php?rest_route=%2Fwp%2Fv2%2Ftags&post=16501"}],"curies":[{"name":"wp","href":"https:\/\/api.w.org\/{rel}","templated":true}]}}