{"id":16390,"date":"2015-11-02T22:09:35","date_gmt":"2015-11-02T20:09:35","guid":{"rendered":"http:\/\/www.anthealein.de\/?p=16390"},"modified":"2015-11-02T22:09:35","modified_gmt":"2015-11-02T20:09:35","slug":"ich-htte-es-ahnen-mssen","status":"publish","type":"post","link":"https:\/\/www.anthealein.de\/?p=16390","title":{"rendered":"Ich h&auml;tte es ahnen m&uuml;ssen, &hellip;"},"content":{"rendered":"<p>&#160;<\/p>\n<p align=\"justify\">\u2026 als wir Samstag bei Kaufland an der Kasse standen und ich begehrlich den Broccoli einer Bekannten auf dem Band musterte. Sp\u00e4testens heute, als ich dann \u2013 wieder bei Kaufland \u2013 in der Obstabteilung vor der Ananas stand, Mandarinen einpackte, Kiwi einpackte und auch noch Bananen drauf legte (die Ananas verkniff ich mir mit Gewalt), h\u00e4tte ich es wissen m\u00fcssen. Es ist mal wieder Zeit f\u00fcrs Cortison. <\/p>\n<p align=\"justify\">Opa war so lieb die Kinder zu \u00fcbernehmen, w\u00e4hrend ich zur Neurologin fuhr heute Nachmittag. Und nach zwei Stunden habe ich die Praxis mit einer Krankmeldung, einem noch kurzen Aufschub was die Wahl der Eskalation angeht (mein Ergebnis wegen dem JC-Virus steht noch aus)&#160; und einem Brief f\u00fcr meinen Hausarzt verlassen. Frau Doktor h\u00e4tte am liebsten direkt begonnen, aber ich mag nicht jeden Tag nach Varel f\u00fcr den Tropf fahren und gerade die letzten beiden Gramm schlauchen total, da mag ich gar nicht weit fahren. Morgen fr\u00fch dann: das 17. Gramm Corti dieses Jahr.&#160; Schlaftabletten habe ich ausgeschlagen, Magenschoner ist noch vorhanden.<\/p>\n<p align=\"justify\">Und dann bin ich mal gespannt, wie mein n\u00e4chstes Blutbild aussehen wird. Dieses Mal: Bilirubin erh\u00f6ht, Leukozyten zu niedrig. Aber das St\u00fcndchen hat ja eh geschlagen f\u00fcr Tecfidera, wie es ausschaut \u2026<\/p>\n<p align=\"justify\">&#160;<\/p>\n<p align=\"center\"><a href=\"http:\/\/www.anthealein.de\/wp-content\/uploads\/2015\/11\/02112015.jpg\"><img loading=\"lazy\" decoding=\"async\" title=\"02112015\" style=\"border-top: 0px; border-right: 0px; background-image: none; border-bottom: 0px; padding-top: 0px; padding-left: 0px; border-left: 0px; display: inline; padding-right: 0px\" border=\"0\" alt=\"02112015\" src=\"http:\/\/www.anthealein.de\/wp-content\/uploads\/2015\/11\/02112015_thumb.jpg\" width=\"504\" height=\"304\" \/><\/a><\/p>\n<p align=\"center\">&#160;<\/p>\n<p align=\"center\"><a href=\"http:\/\/www.anthealein.de\/wp-content\/uploads\/2015\/11\/02112015II.jpg\"><img loading=\"lazy\" decoding=\"async\" title=\"02112015II\" style=\"border-top: 0px; border-right: 0px; background-image: none; border-bottom: 0px; padding-top: 0px; padding-left: 0px; border-left: 0px; display: inline; padding-right: 0px\" border=\"0\" alt=\"02112015II\" src=\"http:\/\/www.anthealein.de\/wp-content\/uploads\/2015\/11\/02112015II_thumb.jpg\" width=\"504\" height=\"504\" \/><\/a>    <br \/>Zahn Nr. 4, heute in der Schule gepurzelt<\/p>\n","protected":false},"excerpt":{"rendered":"<p>&#160; \u2026 als wir Samstag bei Kaufland an der Kasse standen und ich begehrlich den Broccoli einer Bekannten auf dem Band musterte. Sp\u00e4testens heute, als ich dann \u2013 wieder bei Kaufland \u2013 in der Obstabteilung vor der Ananas stand, Mandarinen einpackte, Kiwi einpackte und auch noch Bananen drauf legte (die Ananas verkniff ich mir mit [&hellip;]<\/p>\n","protected":false},"author":1,"featured_media":0,"comment_status":"open","ping_status":"open","sticky":false,"template":"","format":"standard","meta":{"footnotes":""},"categories":[3],"tags":[],"class_list":["post-16390","post","type-post","status-publish","format-standard","hentry","category-alles-mogliche"],"_links":{"self":[{"href":"https:\/\/www.anthealein.de\/index.php?rest_route=\/wp\/v2\/posts\/16390","targetHints":{"allow":["GET"]}}],"collection":[{"href":"https:\/\/www.anthealein.de\/index.php?rest_route=\/wp\/v2\/posts"}],"about":[{"href":"https:\/\/www.anthealein.de\/index.php?rest_route=\/wp\/v2\/types\/post"}],"author":[{"embeddable":true,"href":"https:\/\/www.anthealein.de\/index.php?rest_route=\/wp\/v2\/users\/1"}],"replies":[{"embeddable":true,"href":"https:\/\/www.anthealein.de\/index.php?rest_route=%2Fwp%2Fv2%2Fcomments&post=16390"}],"version-history":[{"count":1,"href":"https:\/\/www.anthealein.de\/index.php?rest_route=\/wp\/v2\/posts\/16390\/revisions"}],"predecessor-version":[{"id":16391,"href":"https:\/\/www.anthealein.de\/index.php?rest_route=\/wp\/v2\/posts\/16390\/revisions\/16391"}],"wp:attachment":[{"href":"https:\/\/www.anthealein.de\/index.php?rest_route=%2Fwp%2Fv2%2Fmedia&parent=16390"}],"wp:term":[{"taxonomy":"category","embeddable":true,"href":"https:\/\/www.anthealein.de\/index.php?rest_route=%2Fwp%2Fv2%2Fcategories&post=16390"},{"taxonomy":"post_tag","embeddable":true,"href":"https:\/\/www.anthealein.de\/index.php?rest_route=%2Fwp%2Fv2%2Ftags&post=16390"}],"curies":[{"name":"wp","href":"https:\/\/api.w.org\/{rel}","templated":true}]}}