{"id":15891,"date":"2015-09-07T21:13:15","date_gmt":"2015-09-07T19:13:15","guid":{"rendered":"http:\/\/www.anthealein.de\/?p=15891"},"modified":"2015-09-07T21:14:01","modified_gmt":"2015-09-07T19:14:01","slug":"donnerstag-2","status":"publish","type":"post","link":"https:\/\/www.anthealein.de\/?p=15891","title":{"rendered":"Donnerstag &hellip;"},"content":{"rendered":"<p>&#160;<\/p>\n<p align=\"justify\">\u2026 ging bei mir die Erk\u00e4ltung los, die Jana schon davor geplagt hatte. Inkl. Fieber und Bronchitis und so gab es am Freitag beim Arzt Antibiotikum + zwei Tage Schonung. Heute war dann Chris dran und Jana und ich wetteten schon am Fr\u00fchst\u00fcckstisch, wie lange Chris es wohl auf der Arbeit aushalten w\u00fcrde. Der Arzt war auch nicht sehr begeistert: die Woche krank und ebenfalls Antibiotikum.<\/p>\n<p align=\"justify\">&#160;<\/p>\n<p align=\"center\"><a href=\"http:\/\/www.anthealein.de\/wp-content\/uploads\/2015\/09\/07092015.jpg\"><img loading=\"lazy\" decoding=\"async\" title=\"07092015\" style=\"border-top: 0px; border-right: 0px; background-image: none; border-bottom: 0px; padding-top: 0px; padding-left: 0px; border-left: 0px; display: inline; padding-right: 0px\" border=\"0\" alt=\"07092015\" src=\"http:\/\/www.anthealein.de\/wp-content\/uploads\/2015\/09\/07092015_thumb.jpg\" width=\"504\" height=\"404\" \/><\/a><\/p>\n<p align=\"center\">&#160;<\/p>\n<p align=\"center\"><a href=\"http:\/\/www.anthealein.de\/wp-content\/uploads\/2015\/09\/07092015II.jpg\"><img loading=\"lazy\" decoding=\"async\" title=\"07092015II\" style=\"border-top: 0px; border-right: 0px; background-image: none; border-bottom: 0px; padding-top: 0px; padding-left: 0px; border-left: 0px; display: inline; padding-right: 0px\" border=\"0\" alt=\"07092015II\" src=\"http:\/\/www.anthealein.de\/wp-content\/uploads\/2015\/09\/07092015II_thumb.jpg\" width=\"504\" height=\"504\" \/><\/a><\/p>\n<p align=\"center\">&#160;<\/p>\n<p align=\"center\"><a href=\"http:\/\/www.anthealein.de\/wp-content\/uploads\/2015\/09\/07092015III.jpg\"><img loading=\"lazy\" decoding=\"async\" title=\"07092015III\" style=\"border-top: 0px; border-right: 0px; background-image: none; border-bottom: 0px; padding-top: 0px; padding-left: 0px; border-left: 0px; display: inline; padding-right: 0px\" border=\"0\" alt=\"07092015III\" src=\"http:\/\/www.anthealein.de\/wp-content\/uploads\/2015\/09\/07092015III_thumb.jpg\" width=\"504\" height=\"504\" \/><\/a><\/p>\n<p align=\"center\">&#160;<\/p>\n<p align=\"center\"><a href=\"http:\/\/www.anthealein.de\/wp-content\/uploads\/2015\/09\/07092015IV.jpg\"><img loading=\"lazy\" decoding=\"async\" title=\"07092015IV\" style=\"border-top: 0px; border-right: 0px; background-image: none; border-bottom: 0px; padding-top: 0px; padding-left: 0px; border-left: 0px; display: inline; padding-right: 0px\" border=\"0\" alt=\"07092015IV\" src=\"http:\/\/www.anthealein.de\/wp-content\/uploads\/2015\/09\/07092015IV_thumb.jpg\" width=\"504\" height=\"504\" \/><\/a><\/p>\n","protected":false},"excerpt":{"rendered":"<p>&#160; \u2026 ging bei mir die Erk\u00e4ltung los, die Jana schon davor geplagt hatte. Inkl. Fieber und Bronchitis und so gab es am Freitag beim Arzt Antibiotikum + zwei Tage Schonung. Heute war dann Chris dran und Jana und ich wetteten schon am Fr\u00fchst\u00fcckstisch, wie lange Chris es wohl auf der Arbeit aushalten w\u00fcrde. Der [&hellip;]<\/p>\n","protected":false},"author":1,"featured_media":0,"comment_status":"open","ping_status":"open","sticky":false,"template":"","format":"standard","meta":{"footnotes":""},"categories":[3],"tags":[],"class_list":["post-15891","post","type-post","status-publish","format-standard","hentry","category-alles-mogliche"],"_links":{"self":[{"href":"https:\/\/www.anthealein.de\/index.php?rest_route=\/wp\/v2\/posts\/15891","targetHints":{"allow":["GET"]}}],"collection":[{"href":"https:\/\/www.anthealein.de\/index.php?rest_route=\/wp\/v2\/posts"}],"about":[{"href":"https:\/\/www.anthealein.de\/index.php?rest_route=\/wp\/v2\/types\/post"}],"author":[{"embeddable":true,"href":"https:\/\/www.anthealein.de\/index.php?rest_route=\/wp\/v2\/users\/1"}],"replies":[{"embeddable":true,"href":"https:\/\/www.anthealein.de\/index.php?rest_route=%2Fwp%2Fv2%2Fcomments&post=15891"}],"version-history":[{"count":2,"href":"https:\/\/www.anthealein.de\/index.php?rest_route=\/wp\/v2\/posts\/15891\/revisions"}],"predecessor-version":[{"id":15893,"href":"https:\/\/www.anthealein.de\/index.php?rest_route=\/wp\/v2\/posts\/15891\/revisions\/15893"}],"wp:attachment":[{"href":"https:\/\/www.anthealein.de\/index.php?rest_route=%2Fwp%2Fv2%2Fmedia&parent=15891"}],"wp:term":[{"taxonomy":"category","embeddable":true,"href":"https:\/\/www.anthealein.de\/index.php?rest_route=%2Fwp%2Fv2%2Fcategories&post=15891"},{"taxonomy":"post_tag","embeddable":true,"href":"https:\/\/www.anthealein.de\/index.php?rest_route=%2Fwp%2Fv2%2Ftags&post=15891"}],"curies":[{"name":"wp","href":"https:\/\/api.w.org\/{rel}","templated":true}]}}