{"id":15822,"date":"2015-08-29T20:58:51","date_gmt":"2015-08-29T18:58:51","guid":{"rendered":"http:\/\/www.anthealein.de\/?p=15822"},"modified":"2015-08-29T20:58:51","modified_gmt":"2015-08-29T18:58:51","slug":"um-den-schlumpfsaft","status":"publish","type":"post","link":"https:\/\/www.anthealein.de\/?p=15822","title":{"rendered":"Um den Schlumpfsaft, &hellip;"},"content":{"rendered":"<p>&#160;<\/p>\n<p align=\"justify\">\u2026 auch bekannt als Tysabri, werde ich wohl doch nicht drum rum kommen. Montag habe ich noch geschrieben, das mein rechter Fu\u00df nicht reagiert hat beim Testen der Reflexe. Mittwoch durfte ich mich dann wieder \u00fcber Spastik freuen, Donnerstag kam Vibrieren im linken Fu\u00df dazu und seit gestern lebe ich mal wieder am Limit was Schmerzmittel angeht und k\u00e4mpfe gegen die Fatigue und leichten Schwindel an. Entweder muckt die MS wieder auf, und\/oder die Bandscheibenvorf\u00e4lle in der HWS bereiten mir den \u00c4rger, wobei die eigentlich nicht f\u00fcr Fatigue verantwortlich sein k\u00f6nnen. Gut, das ich Dienstag Nachmittag eh zur Neurologin muss wegen der Blutabnahme.<\/p>\n<p align=\"justify\">Die Fatigue war dann heute auch der Grund, wieso ich nicht langsamer machen konnte (wie eine Kollegin mich immer so lieb ermahnte). Bei einem kurzen Aufenthalt in meinem B\u00fcro habe ich es nicht mal 5 Minuten geschafft, gegen die M\u00fcdigkeit anzuk\u00e4mpfen und bin eingeschlafen. Zum Gl\u00fcck war eh Zeit f\u00fcr die Mittagspause. Den Rest des Tages habe ich mich davor geh\u00fctet, an einem stillen Ort alleine zu sitzen. <\/p>\n<p align=\"justify\">Das war zum Gl\u00fcck eh so gut wie unm\u00f6glich, weil heute mal wieder Theaterkarussell war. Viel Betrieb, viel Gewusel und trotzdem hatte ich Zeit, eben kurz Janas Auftritt (Ballett) zu sehen im Stadttheater.<\/p>\n<p align=\"justify\">Und morgen sind dann auch endlich die Schulb\u00fccher und \u2013mappen dran. Jawoll. <\/p>\n<p align=\"justify\">&#160;<\/p>\n<p align=\"center\"><a href=\"http:\/\/www.anthealein.de\/wp-content\/uploads\/2015\/08\/29082015II.jpg\"><img loading=\"lazy\" decoding=\"async\" title=\"29082015II\" style=\"border-top: 0px; border-right: 0px; background-image: none; border-bottom: 0px; padding-top: 0px; padding-left: 0px; border-left: 0px; display: inline; padding-right: 0px\" border=\"0\" alt=\"29082015II\" src=\"http:\/\/www.anthealein.de\/wp-content\/uploads\/2015\/08\/29082015II_thumb.jpg\" width=\"504\" height=\"504\" \/><\/a><\/p>\n<p align=\"center\">&#160;<\/p>\n<p align=\"center\"><a href=\"http:\/\/www.anthealein.de\/wp-content\/uploads\/2015\/08\/29082015.jpg\"><img loading=\"lazy\" decoding=\"async\" title=\"29082015\" style=\"border-top: 0px; border-right: 0px; background-image: none; border-bottom: 0px; padding-top: 0px; padding-left: 0px; border-left: 0px; display: inline; padding-right: 0px\" border=\"0\" alt=\"29082015\" src=\"http:\/\/www.anthealein.de\/wp-content\/uploads\/2015\/08\/29082015_thumb.jpg\" width=\"504\" height=\"337\" \/><\/a><\/p>\n","protected":false},"excerpt":{"rendered":"<p>&#160; \u2026 auch bekannt als Tysabri, werde ich wohl doch nicht drum rum kommen. Montag habe ich noch geschrieben, das mein rechter Fu\u00df nicht reagiert hat beim Testen der Reflexe. Mittwoch durfte ich mich dann wieder \u00fcber Spastik freuen, Donnerstag kam Vibrieren im linken Fu\u00df dazu und seit gestern lebe ich mal wieder am Limit [&hellip;]<\/p>\n","protected":false},"author":1,"featured_media":0,"comment_status":"open","ping_status":"open","sticky":false,"template":"","format":"standard","meta":{"footnotes":""},"categories":[3],"tags":[],"class_list":["post-15822","post","type-post","status-publish","format-standard","hentry","category-alles-mogliche"],"_links":{"self":[{"href":"https:\/\/www.anthealein.de\/index.php?rest_route=\/wp\/v2\/posts\/15822","targetHints":{"allow":["GET"]}}],"collection":[{"href":"https:\/\/www.anthealein.de\/index.php?rest_route=\/wp\/v2\/posts"}],"about":[{"href":"https:\/\/www.anthealein.de\/index.php?rest_route=\/wp\/v2\/types\/post"}],"author":[{"embeddable":true,"href":"https:\/\/www.anthealein.de\/index.php?rest_route=\/wp\/v2\/users\/1"}],"replies":[{"embeddable":true,"href":"https:\/\/www.anthealein.de\/index.php?rest_route=%2Fwp%2Fv2%2Fcomments&post=15822"}],"version-history":[{"count":1,"href":"https:\/\/www.anthealein.de\/index.php?rest_route=\/wp\/v2\/posts\/15822\/revisions"}],"predecessor-version":[{"id":15823,"href":"https:\/\/www.anthealein.de\/index.php?rest_route=\/wp\/v2\/posts\/15822\/revisions\/15823"}],"wp:attachment":[{"href":"https:\/\/www.anthealein.de\/index.php?rest_route=%2Fwp%2Fv2%2Fmedia&parent=15822"}],"wp:term":[{"taxonomy":"category","embeddable":true,"href":"https:\/\/www.anthealein.de\/index.php?rest_route=%2Fwp%2Fv2%2Fcategories&post=15822"},{"taxonomy":"post_tag","embeddable":true,"href":"https:\/\/www.anthealein.de\/index.php?rest_route=%2Fwp%2Fv2%2Ftags&post=15822"}],"curies":[{"name":"wp","href":"https:\/\/api.w.org\/{rel}","templated":true}]}}