{"id":15794,"date":"2015-08-24T22:00:51","date_gmt":"2015-08-24T20:00:51","guid":{"rendered":"http:\/\/www.anthealein.de\/?p=15794"},"modified":"2015-08-24T22:00:51","modified_gmt":"2015-08-24T20:00:51","slug":"am-liebsten","status":"publish","type":"post","link":"https:\/\/www.anthealein.de\/?p=15794","title":{"rendered":"Am liebsten &hellip;"},"content":{"rendered":"<p>&#160;<\/p>\n<p align=\"justify\">\u2026 h\u00e4tte ich heute Vormittag den Arzttermin bei der Neurologin in Varel abgesagt. Weil wir uns Nachmittags noch mit S. und ihrer Tochter treffen wollten, aber auch Bahlsen auf meinem Plan stand, fuhren wir extra fr\u00fch nach Varel. Davor hatte ich noch mal die &#8211; zum Teil nicht sehr guten \u2013 Bewertungen meiner hoffentlich neuen Neurologin gelesen. Und da wir bei Bahlsen schneller durch waren als erwartet und auch ein Besuch bei Famila nicht so viel Zeit verschlang war ich kurzzeitig am \u00fcberlegen, alles abzublasen. <\/p>\n<p align=\"justify\">Habe ich dann nicht. Ich mag nicht zu optimistisch sein, weil ich auch meine vorherige Neurologin nach der \u00c4rztin davor erst mal f\u00fcr einen Engel hielt (nicht w\u00f6rtlich nehmen *g*). Aber wenigstens wusste Frau Dr. heute \u00fcber die Medikamente bescheid, die sie mir verschreiben wollte (im Gegensatz zu der davor) und konnte mir Fragen korrekt beantworten. Sie stimmt mit mir \u00fcberein, das ich gerade fit bin. Auch wenn die \u00dcberpr\u00fcfung des Babinski-Reflexes gezeigt hat, das meine rechte Fu\u00dfsohle nicht wirklich was f\u00fchlt (das ist neu).&#160; Aber trotzdem h\u00e4tte sie auch \u2013 wie die \u00c4rzte im Krankenhaus &#8211; am liebsten eine Eskalationstherapie.&#160; Da ich da noch nicht so \u00fcberzeugt von bin, fange ich morgen mit Tecfidera an und mache mich n\u00e4chste Woche (Kompromiss, Kompromiss) noch mal auf den Weg nach Varel, um mir Blut abnehmen zu lassen f\u00fcr den JC-Virus-Test. Das gute Virus-Teilchen sollte negativ sein und bleiben, damit ich Tysabri und co. nehmen darf. Bin ich positiv, darf ich max. 2 Jahre Tysabri und \u00e4hnliches nehmen. Jetzt bin ich nur gespannt, wie ich ab morgen Tec vertrage <img decoding=\"async\" class=\"wlEmoticon wlEmoticon-smile\" style=\"border-top-style: none; border-bottom-style: none; border-right-style: none; border-left-style: none\" alt=\"Smiley\" src=\"http:\/\/www.anthealein.de\/wp-content\/uploads\/2015\/08\/wlEmoticon-smile10.png\" \/>.<\/p>\n<p align=\"justify\">&#160;<\/p>\n<p align=\"center\"><a href=\"http:\/\/www.anthealein.de\/wp-content\/uploads\/2015\/08\/24082015.jpg\"><img loading=\"lazy\" decoding=\"async\" title=\"24082015\" style=\"border-top: 0px; border-right: 0px; background-image: none; border-bottom: 0px; padding-top: 0px; padding-left: 0px; border-left: 0px; display: inline; padding-right: 0px\" border=\"0\" alt=\"24082015\" src=\"http:\/\/www.anthealein.de\/wp-content\/uploads\/2015\/08\/24082015_thumb.jpg\" width=\"504\" height=\"504\" \/><\/a><\/p>\n<p align=\"center\">&#160;<\/p>\n<p align=\"center\"><a href=\"http:\/\/www.anthealein.de\/wp-content\/uploads\/2015\/08\/24082015II.jpg\"><img loading=\"lazy\" decoding=\"async\" title=\"24082015II\" style=\"border-top: 0px; border-right: 0px; background-image: none; border-bottom: 0px; padding-top: 0px; padding-left: 0px; border-left: 0px; display: inline; padding-right: 0px\" border=\"0\" alt=\"24082015II\" src=\"http:\/\/www.anthealein.de\/wp-content\/uploads\/2015\/08\/24082015II_thumb.jpg\" width=\"504\" height=\"504\" \/><\/a><\/p>\n<p align=\"center\">&#160;<\/p>\n<p align=\"center\"><a href=\"http:\/\/www.anthealein.de\/wp-content\/uploads\/2015\/08\/24082015III.jpg\"><img loading=\"lazy\" decoding=\"async\" title=\"24082015III\" style=\"border-top: 0px; border-right: 0px; background-image: none; border-bottom: 0px; padding-top: 0px; padding-left: 0px; border-left: 0px; display: inline; padding-right: 0px\" border=\"0\" alt=\"24082015III\" src=\"http:\/\/www.anthealein.de\/wp-content\/uploads\/2015\/08\/24082015III_thumb.jpg\" width=\"504\" height=\"504\" \/><\/a><\/p>\n<p align=\"center\">&#160;<\/p>\n<p align=\"center\"><a href=\"http:\/\/www.anthealein.de\/wp-content\/uploads\/2015\/08\/24082015IV.jpg\"><img loading=\"lazy\" decoding=\"async\" title=\"24082015IV\" style=\"border-top: 0px; border-right: 0px; background-image: none; border-bottom: 0px; padding-top: 0px; padding-left: 0px; border-left: 0px; display: inline; padding-right: 0px\" border=\"0\" alt=\"24082015IV\" src=\"http:\/\/www.anthealein.de\/wp-content\/uploads\/2015\/08\/24082015IV_thumb.jpg\" width=\"504\" height=\"504\" \/><\/a><\/p>\n<p align=\"center\">&#160;<\/p>\n<p align=\"center\"><a href=\"http:\/\/www.anthealein.de\/wp-content\/uploads\/2015\/08\/24082015V.jpg\"><img loading=\"lazy\" decoding=\"async\" title=\"24082015V\" style=\"border-top: 0px; border-right: 0px; background-image: none; border-bottom: 0px; padding-top: 0px; padding-left: 0px; border-left: 0px; display: inline; padding-right: 0px\" border=\"0\" alt=\"24082015V\" src=\"http:\/\/www.anthealein.de\/wp-content\/uploads\/2015\/08\/24082015V_thumb.jpg\" width=\"504\" height=\"504\" \/><\/a><\/p>\n","protected":false},"excerpt":{"rendered":"<p>&#160; \u2026 h\u00e4tte ich heute Vormittag den Arzttermin bei der Neurologin in Varel abgesagt. Weil wir uns Nachmittags noch mit S. und ihrer Tochter treffen wollten, aber auch Bahlsen auf meinem Plan stand, fuhren wir extra fr\u00fch nach Varel. Davor hatte ich noch mal die &#8211; zum Teil nicht sehr guten \u2013 Bewertungen meiner hoffentlich [&hellip;]<\/p>\n","protected":false},"author":1,"featured_media":0,"comment_status":"open","ping_status":"open","sticky":false,"template":"","format":"standard","meta":{"footnotes":""},"categories":[3],"tags":[],"class_list":["post-15794","post","type-post","status-publish","format-standard","hentry","category-alles-mogliche"],"_links":{"self":[{"href":"https:\/\/www.anthealein.de\/index.php?rest_route=\/wp\/v2\/posts\/15794","targetHints":{"allow":["GET"]}}],"collection":[{"href":"https:\/\/www.anthealein.de\/index.php?rest_route=\/wp\/v2\/posts"}],"about":[{"href":"https:\/\/www.anthealein.de\/index.php?rest_route=\/wp\/v2\/types\/post"}],"author":[{"embeddable":true,"href":"https:\/\/www.anthealein.de\/index.php?rest_route=\/wp\/v2\/users\/1"}],"replies":[{"embeddable":true,"href":"https:\/\/www.anthealein.de\/index.php?rest_route=%2Fwp%2Fv2%2Fcomments&post=15794"}],"version-history":[{"count":1,"href":"https:\/\/www.anthealein.de\/index.php?rest_route=\/wp\/v2\/posts\/15794\/revisions"}],"predecessor-version":[{"id":15795,"href":"https:\/\/www.anthealein.de\/index.php?rest_route=\/wp\/v2\/posts\/15794\/revisions\/15795"}],"wp:attachment":[{"href":"https:\/\/www.anthealein.de\/index.php?rest_route=%2Fwp%2Fv2%2Fmedia&parent=15794"}],"wp:term":[{"taxonomy":"category","embeddable":true,"href":"https:\/\/www.anthealein.de\/index.php?rest_route=%2Fwp%2Fv2%2Fcategories&post=15794"},{"taxonomy":"post_tag","embeddable":true,"href":"https:\/\/www.anthealein.de\/index.php?rest_route=%2Fwp%2Fv2%2Ftags&post=15794"}],"curies":[{"name":"wp","href":"https:\/\/api.w.org\/{rel}","templated":true}]}}