{"id":15515,"date":"2015-07-27T19:23:48","date_gmt":"2015-07-27T17:23:48","guid":{"rendered":"http:\/\/www.anthealein.de\/?p=15515"},"modified":"2015-07-27T19:23:48","modified_gmt":"2015-07-27T17:23:48","slug":"da-das-wetter","status":"publish","type":"post","link":"https:\/\/www.anthealein.de\/?p=15515","title":{"rendered":"Da das Wetter &hellip;"},"content":{"rendered":"<p>&#160;<\/p>\n<p align=\"justify\">\u2026heute nicht ganz so gut war, sind die Kinder und ich nach dem Chaostriofr\u00fchst\u00fcck nur schnell zu Fu\u00df zum NP gelaufen und nicht, wie ich eigentlich geplant hatte, noch woanders hin. Passte Jana ganz gut, die eh \u00fcber Ohrenschmerzen klagte und den Kindern von unten auch, die sich dann mit Jana + Lena zusammen taten und erst unten die WII bespielten, bevor sie unsere hervor holten. Und ich? Konnte in Ruhe hier durchwirbeln und Zeit am PC verbringen.<\/p>\n<p align=\"justify\">&#160;<\/p>\n<p align=\"center\"><a href=\"http:\/\/www.anthealein.de\/wp-content\/uploads\/2015\/07\/27072015.jpg\"><img loading=\"lazy\" decoding=\"async\" title=\"27072015\" style=\"border-top: 0px; border-right: 0px; background-image: none; border-bottom: 0px; padding-top: 0px; padding-left: 0px; border-left: 0px; display: inline; padding-right: 0px\" border=\"0\" alt=\"27072015\" src=\"http:\/\/www.anthealein.de\/wp-content\/uploads\/2015\/07\/27072015_thumb.jpg\" width=\"504\" height=\"504\" \/><\/a>    <br \/>Chaostriofr\u00fchst\u00fcck mit Kindern: auch mal was Sch\u00f6nes <img decoding=\"async\" class=\"wlEmoticon wlEmoticon-smile\" style=\"border-top-style: none; border-bottom-style: none; border-right-style: none; border-left-style: none\" alt=\"Smiley\" src=\"http:\/\/www.anthealein.de\/wp-content\/uploads\/2015\/07\/wlEmoticon-smile10.png\" \/><\/p>\n<p align=\"center\">&#160;<\/p>\n<p align=\"center\"><a href=\"http:\/\/www.anthealein.de\/wp-content\/uploads\/2015\/07\/27072015II.jpg\"><img loading=\"lazy\" decoding=\"async\" title=\"27072015II\" style=\"border-top: 0px; border-right: 0px; background-image: none; border-bottom: 0px; padding-top: 0px; padding-left: 0px; border-left: 0px; display: inline; padding-right: 0px\" border=\"0\" alt=\"27072015II\" src=\"http:\/\/www.anthealein.de\/wp-content\/uploads\/2015\/07\/27072015II_thumb.jpg\" width=\"504\" height=\"504\" \/><\/a>    <br \/>Man h\u00e4tte meinen k\u00f6nnen, das wir tiefsten Winter haben *g*<\/p>\n","protected":false},"excerpt":{"rendered":"<p>&#160; \u2026heute nicht ganz so gut war, sind die Kinder und ich nach dem Chaostriofr\u00fchst\u00fcck nur schnell zu Fu\u00df zum NP gelaufen und nicht, wie ich eigentlich geplant hatte, noch woanders hin. Passte Jana ganz gut, die eh \u00fcber Ohrenschmerzen klagte und den Kindern von unten auch, die sich dann mit Jana + Lena zusammen [&hellip;]<\/p>\n","protected":false},"author":1,"featured_media":0,"comment_status":"open","ping_status":"open","sticky":false,"template":"","format":"standard","meta":{"footnotes":""},"categories":[3],"tags":[],"class_list":["post-15515","post","type-post","status-publish","format-standard","hentry","category-alles-mogliche"],"_links":{"self":[{"href":"https:\/\/www.anthealein.de\/index.php?rest_route=\/wp\/v2\/posts\/15515","targetHints":{"allow":["GET"]}}],"collection":[{"href":"https:\/\/www.anthealein.de\/index.php?rest_route=\/wp\/v2\/posts"}],"about":[{"href":"https:\/\/www.anthealein.de\/index.php?rest_route=\/wp\/v2\/types\/post"}],"author":[{"embeddable":true,"href":"https:\/\/www.anthealein.de\/index.php?rest_route=\/wp\/v2\/users\/1"}],"replies":[{"embeddable":true,"href":"https:\/\/www.anthealein.de\/index.php?rest_route=%2Fwp%2Fv2%2Fcomments&post=15515"}],"version-history":[{"count":1,"href":"https:\/\/www.anthealein.de\/index.php?rest_route=\/wp\/v2\/posts\/15515\/revisions"}],"predecessor-version":[{"id":15516,"href":"https:\/\/www.anthealein.de\/index.php?rest_route=\/wp\/v2\/posts\/15515\/revisions\/15516"}],"wp:attachment":[{"href":"https:\/\/www.anthealein.de\/index.php?rest_route=%2Fwp%2Fv2%2Fmedia&parent=15515"}],"wp:term":[{"taxonomy":"category","embeddable":true,"href":"https:\/\/www.anthealein.de\/index.php?rest_route=%2Fwp%2Fv2%2Fcategories&post=15515"},{"taxonomy":"post_tag","embeddable":true,"href":"https:\/\/www.anthealein.de\/index.php?rest_route=%2Fwp%2Fv2%2Ftags&post=15515"}],"curies":[{"name":"wp","href":"https:\/\/api.w.org\/{rel}","templated":true}]}}