{"id":15490,"date":"2015-07-22T21:14:11","date_gmt":"2015-07-22T19:14:11","guid":{"rendered":"http:\/\/www.anthealein.de\/?p=15490"},"modified":"2015-07-22T21:14:11","modified_gmt":"2015-07-22T19:14:11","slug":"supernerdi","status":"publish","type":"post","link":"https:\/\/www.anthealein.de\/?p=15490","title":{"rendered":"&ldquo;Supernerdi&rdquo; &hellip;"},"content":{"rendered":"<p>&#160;<\/p>\n<p align=\"justify\">\u2026 durfte sich Jana heute nach der Zeugnisvergabe nennen. Lena bekam nicht ganz den von ihr bef\u00fcrchteten \u201cJammerlappen\u201d, sie hat sich die letzten Monate verbessert. Da Lena aber ganz die Mama ist, werde ich mich h\u00fcten und ihr best\u00e4tigen das ihr Zeugnis gut so ist, sonst lehnt sie sich n\u00e4chstes Jahr zur\u00fcck. <\/p>\n<p align=\"justify\">Die letzten Tage gab es die Material- und B\u00fccherlisten der Schulen und bei aller Liebe werde ich nie verstehen k\u00f6nnen, wieso man in der zweiten Klasse mehr B\u00fccher (inkl. Arbeitsb\u00fcchern) braucht als in der sechsten Klasse. Das arme Kind wird am ersten Schultag zusammen brechen unter der Last.<\/p>\n<p align=\"justify\">Aber zuerst kommen jetzt die Ferien und die fing Jana gleich gut mit einem Besuch mit ihrer Freundin im Freibad an. Ich bin gespannt, was die n\u00e4chsten Tage bringen\u2026<\/p>\n<p align=\"justify\">&#160;<\/p>\n<p align=\"center\"><a href=\"http:\/\/www.anthealein.de\/wp-content\/uploads\/2015\/07\/22072015.jpg\"><img loading=\"lazy\" decoding=\"async\" title=\"22072015\" style=\"border-top: 0px; border-right: 0px; background-image: none; border-bottom: 0px; padding-top: 0px; padding-left: 0px; border-left: 0px; display: inline; padding-right: 0px\" border=\"0\" alt=\"22072015\" src=\"http:\/\/www.anthealein.de\/wp-content\/uploads\/2015\/07\/22072015_thumb.jpg\" width=\"504\" height=\"304\" \/><\/a><\/p>\n<p align=\"center\">&#160;<\/p>\n<p align=\"center\"><a href=\"http:\/\/www.anthealein.de\/wp-content\/uploads\/2015\/07\/22072015II.jpg\"><img loading=\"lazy\" decoding=\"async\" title=\"22072015II\" style=\"border-top: 0px; border-right: 0px; background-image: none; border-bottom: 0px; padding-top: 0px; padding-left: 0px; border-left: 0px; display: inline; padding-right: 0px\" border=\"0\" alt=\"22072015II\" src=\"http:\/\/www.anthealein.de\/wp-content\/uploads\/2015\/07\/22072015II_thumb.jpg\" width=\"504\" height=\"204\" \/><\/a>    <br \/>*h\u00fcstel* Geordnet zu arbeiten habe ich bis heute nicht gelernt, f\u00fcrchte ich. Aber ich gebe mein Bestes <img decoding=\"async\" class=\"wlEmoticon wlEmoticon-openmouthedsmile\" style=\"border-top-style: none; border-bottom-style: none; border-right-style: none; border-left-style: none\" alt=\"Smiley mit ge\u00f6ffnetem Mund\" src=\"http:\/\/www.anthealein.de\/wp-content\/uploads\/2015\/07\/wlEmoticon-openmouthedsmile3.png\" \/>.<\/p>\n<p align=\"center\">&#160;<\/p>\n<p align=\"center\"><a href=\"http:\/\/www.anthealein.de\/wp-content\/uploads\/2015\/07\/22072015III.jpg\"><img loading=\"lazy\" decoding=\"async\" title=\"22072015III\" style=\"border-top: 0px; border-right: 0px; background-image: none; border-bottom: 0px; padding-top: 0px; padding-left: 0px; border-left: 0px; display: inline; padding-right: 0px\" border=\"0\" alt=\"22072015III\" src=\"http:\/\/www.anthealein.de\/wp-content\/uploads\/2015\/07\/22072015III_thumb.jpg\" width=\"504\" height=\"104\" \/><\/a>    <br \/>Ich glaube, so ziemlich genau der gleiche Satz stand damals bei Jana im Zeugnis<\/p>\n<p align=\"center\">&#160;<\/p>\n<p align=\"center\"><a href=\"http:\/\/www.anthealein.de\/wp-content\/uploads\/2015\/07\/22072015IV.jpg\"><img loading=\"lazy\" decoding=\"async\" title=\"22072015IV\" style=\"border-top: 0px; border-right: 0px; background-image: none; border-bottom: 0px; padding-top: 0px; padding-left: 0px; border-left: 0px; display: inline; padding-right: 0px\" border=\"0\" alt=\"22072015IV\" src=\"http:\/\/www.anthealein.de\/wp-content\/uploads\/2015\/07\/22072015IV_thumb.jpg\" width=\"504\" height=\"204\" \/><\/a>    <br \/>Janas. Das mit dem Sozialverhalten wusste ich ja schon. Beim Arbeitsverhalten hatte ich geglaubt, mich verguckt zu haben. Wie sie sich das mit ihrem organisierten Chaos verdient hat, ist mir auch ein R\u00e4tsel *g*.<\/p>\n<p align=\"center\">&#160;<\/p>\n<p align=\"center\"><a href=\"http:\/\/www.anthealein.de\/wp-content\/uploads\/2015\/07\/22072015V.jpg\"><img loading=\"lazy\" decoding=\"async\" title=\"22072015V\" style=\"border-top: 0px; border-right: 0px; background-image: none; border-bottom: 0px; padding-top: 0px; padding-left: 0px; border-left: 0px; display: inline; padding-right: 0px\" border=\"0\" alt=\"22072015V\" src=\"http:\/\/www.anthealein.de\/wp-content\/uploads\/2015\/07\/22072015V_thumb.jpg\" width=\"504\" height=\"204\" \/><\/a>    <br \/>Immer noch ihr Lieblingsfach mit ihrer Lieblingslehrerin<\/p>\n<p align=\"center\">&#160;<\/p>\n<p align=\"center\"><a href=\"http:\/\/www.anthealein.de\/wp-content\/uploads\/2015\/07\/22072015VI.jpg\"><img loading=\"lazy\" decoding=\"async\" title=\"22072015VI\" style=\"border-top: 0px; border-right: 0px; background-image: none; border-bottom: 0px; padding-top: 0px; padding-left: 0px; border-left: 0px; display: inline; padding-right: 0px\" border=\"0\" alt=\"22072015VI\" src=\"http:\/\/www.anthealein.de\/wp-content\/uploads\/2015\/07\/22072015VI_thumb.jpg\" width=\"504\" height=\"204\" \/><\/a>    <br \/>Meinetwegen k\u00f6nnten sie Antolin auch gerne ganz lassen, aber ok \u2026<\/p>\n","protected":false},"excerpt":{"rendered":"<p>&#160; \u2026 durfte sich Jana heute nach der Zeugnisvergabe nennen. Lena bekam nicht ganz den von ihr bef\u00fcrchteten \u201cJammerlappen\u201d, sie hat sich die letzten Monate verbessert. Da Lena aber ganz die Mama ist, werde ich mich h\u00fcten und ihr best\u00e4tigen das ihr Zeugnis gut so ist, sonst lehnt sie sich n\u00e4chstes Jahr zur\u00fcck. Die letzten [&hellip;]<\/p>\n","protected":false},"author":1,"featured_media":0,"comment_status":"open","ping_status":"open","sticky":false,"template":"","format":"standard","meta":{"footnotes":""},"categories":[3],"tags":[],"class_list":["post-15490","post","type-post","status-publish","format-standard","hentry","category-alles-mogliche"],"_links":{"self":[{"href":"https:\/\/www.anthealein.de\/index.php?rest_route=\/wp\/v2\/posts\/15490","targetHints":{"allow":["GET"]}}],"collection":[{"href":"https:\/\/www.anthealein.de\/index.php?rest_route=\/wp\/v2\/posts"}],"about":[{"href":"https:\/\/www.anthealein.de\/index.php?rest_route=\/wp\/v2\/types\/post"}],"author":[{"embeddable":true,"href":"https:\/\/www.anthealein.de\/index.php?rest_route=\/wp\/v2\/users\/1"}],"replies":[{"embeddable":true,"href":"https:\/\/www.anthealein.de\/index.php?rest_route=%2Fwp%2Fv2%2Fcomments&post=15490"}],"version-history":[{"count":1,"href":"https:\/\/www.anthealein.de\/index.php?rest_route=\/wp\/v2\/posts\/15490\/revisions"}],"predecessor-version":[{"id":15491,"href":"https:\/\/www.anthealein.de\/index.php?rest_route=\/wp\/v2\/posts\/15490\/revisions\/15491"}],"wp:attachment":[{"href":"https:\/\/www.anthealein.de\/index.php?rest_route=%2Fwp%2Fv2%2Fmedia&parent=15490"}],"wp:term":[{"taxonomy":"category","embeddable":true,"href":"https:\/\/www.anthealein.de\/index.php?rest_route=%2Fwp%2Fv2%2Fcategories&post=15490"},{"taxonomy":"post_tag","embeddable":true,"href":"https:\/\/www.anthealein.de\/index.php?rest_route=%2Fwp%2Fv2%2Ftags&post=15490"}],"curies":[{"name":"wp","href":"https:\/\/api.w.org\/{rel}","templated":true}]}}