{"id":15423,"date":"2015-07-15T20:59:00","date_gmt":"2015-07-15T18:59:00","guid":{"rendered":"http:\/\/www.anthealein.de\/?p=15423"},"modified":"2015-07-15T20:59:01","modified_gmt":"2015-07-15T18:59:01","slug":"den-sommer","status":"publish","type":"post","link":"https:\/\/www.anthealein.de\/?p=15423","title":{"rendered":"Den Sommer &hellip;"},"content":{"rendered":"<p>&#160;<\/p>\n<p align=\"justify\">\u2026 und die Ferienzeit mag ich so gerne, weil ich mal nicht rumfahren und hetzen muss. Und einen Vorgeschmack darauf gab es heute. Keine Jana, also keine Abhol-und-zum-Ballett-rasen-Tour. Heute auch keine Verabredung f\u00fcr Lena, keine Hausaufgaben. Meine n\u00f6tigen Anrufe (Bericht vom NWK bitte!) habe ich schnell erledigt und dann konnten Lena und ich los laufen. Au\u00dferdem lernt man doch immer wieder was Neues mit Kindern. Mir jedenfalls ist vorher noch nie aufgefallen, das die B\u00fcrgersteige (und der Weg im Park) mit toten Hummeln gepflastert ist um diese Jahreszeit. Ich musste erst mal googlen, wieso die armen Tiere verenden.<\/p>\n<p align=\"justify\">In die Stadt musste ich, Ferienp\u00e4sse besorgen. Bei NP einen Minieinkauf erledigen f\u00fcr\u2019s Essen heute. Und im K\u00fcstenmuseum eben schnell rein, um die Veranstaltungen f\u00fcr die Kinder in den n\u00e4chsten Wochen zu buchen. Und dann wieder in Ruhe nach Hause <img decoding=\"async\" class=\"wlEmoticon wlEmoticon-smile\" style=\"border-top-style: none; border-bottom-style: none; border-right-style: none; border-left-style: none\" alt=\"Smiley\" src=\"http:\/\/www.anthealein.de\/wp-content\/uploads\/2015\/07\/wlEmoticon-smile6.png\" \/>.<\/p>\n<p align=\"justify\">&#160;<\/p>\n<p align=\"center\"><a href=\"http:\/\/www.anthealein.de\/wp-content\/uploads\/2015\/07\/15072015.jpg\"><img loading=\"lazy\" decoding=\"async\" title=\"15072015\" style=\"border-top: 0px; border-right: 0px; background-image: none; border-bottom: 0px; padding-top: 0px; padding-left: 0px; border-left: 0px; display: inline; padding-right: 0px\" border=\"0\" alt=\"15072015\" src=\"http:\/\/www.anthealein.de\/wp-content\/uploads\/2015\/07\/15072015_thumb.jpg\" width=\"504\" height=\"504\" \/><\/a><\/p>\n<p align=\"center\">&#160;<\/p>\n<p align=\"center\"><a href=\"http:\/\/www.anthealein.de\/wp-content\/uploads\/2015\/07\/15072015II.jpg\"><img loading=\"lazy\" decoding=\"async\" title=\"15072015II\" style=\"border-top: 0px; border-right: 0px; background-image: none; border-bottom: 0px; padding-top: 0px; padding-left: 0px; border-left: 0px; display: inline; padding-right: 0px\" border=\"0\" alt=\"15072015II\" src=\"http:\/\/www.anthealein.de\/wp-content\/uploads\/2015\/07\/15072015II_thumb.jpg\" width=\"504\" height=\"504\" \/><\/a><\/p>\n<p align=\"center\">&#160;<\/p>\n<p align=\"center\"><a href=\"http:\/\/www.anthealein.de\/wp-content\/uploads\/2015\/07\/15072015III.jpg\"><img loading=\"lazy\" decoding=\"async\" title=\"15072015III\" style=\"border-top: 0px; border-right: 0px; background-image: none; border-bottom: 0px; padding-top: 0px; padding-left: 0px; border-left: 0px; display: inline; padding-right: 0px\" border=\"0\" alt=\"15072015III\" src=\"http:\/\/www.anthealein.de\/wp-content\/uploads\/2015\/07\/15072015III_thumb.jpg\" width=\"404\" height=\"504\" \/><\/a><\/p>\n<p align=\"center\">&#160;<\/p>\n<p align=\"center\"><a href=\"http:\/\/www.anthealein.de\/wp-content\/uploads\/2015\/07\/15072015IV.jpg\"><img loading=\"lazy\" decoding=\"async\" title=\"15072015IV\" style=\"border-top: 0px; border-right: 0px; background-image: none; border-bottom: 0px; padding-top: 0px; padding-left: 0px; border-left: 0px; display: inline; padding-right: 0px\" border=\"0\" alt=\"15072015IV\" src=\"http:\/\/www.anthealein.de\/wp-content\/uploads\/2015\/07\/15072015IV_thumb.jpg\" width=\"504\" height=\"504\" \/><\/a>    <br \/>\u201cDarf ich eine anfassen?\u201d. Nat\u00fcrlich.<\/p>\n<p align=\"center\">&#160;<\/p>\n<p align=\"center\"><a href=\"http:\/\/www.anthealein.de\/wp-content\/uploads\/2015\/07\/15072015V.jpg\"><img loading=\"lazy\" decoding=\"async\" title=\"15072015V\" style=\"border-top: 0px; border-right: 0px; background-image: none; border-bottom: 0px; padding-top: 0px; padding-left: 0px; border-left: 0px; display: inline; padding-right: 0px\" border=\"0\" alt=\"15072015V\" src=\"http:\/\/www.anthealein.de\/wp-content\/uploads\/2015\/07\/15072015V_thumb.jpg\" width=\"404\" height=\"504\" \/><\/a><\/p>\n","protected":false},"excerpt":{"rendered":"<p>&#160; \u2026 und die Ferienzeit mag ich so gerne, weil ich mal nicht rumfahren und hetzen muss. Und einen Vorgeschmack darauf gab es heute. Keine Jana, also keine Abhol-und-zum-Ballett-rasen-Tour. Heute auch keine Verabredung f\u00fcr Lena, keine Hausaufgaben. Meine n\u00f6tigen Anrufe (Bericht vom NWK bitte!) habe ich schnell erledigt und dann konnten Lena und ich los [&hellip;]<\/p>\n","protected":false},"author":1,"featured_media":0,"comment_status":"open","ping_status":"open","sticky":false,"template":"","format":"standard","meta":{"footnotes":""},"categories":[3],"tags":[],"class_list":["post-15423","post","type-post","status-publish","format-standard","hentry","category-alles-mogliche"],"_links":{"self":[{"href":"https:\/\/www.anthealein.de\/index.php?rest_route=\/wp\/v2\/posts\/15423","targetHints":{"allow":["GET"]}}],"collection":[{"href":"https:\/\/www.anthealein.de\/index.php?rest_route=\/wp\/v2\/posts"}],"about":[{"href":"https:\/\/www.anthealein.de\/index.php?rest_route=\/wp\/v2\/types\/post"}],"author":[{"embeddable":true,"href":"https:\/\/www.anthealein.de\/index.php?rest_route=\/wp\/v2\/users\/1"}],"replies":[{"embeddable":true,"href":"https:\/\/www.anthealein.de\/index.php?rest_route=%2Fwp%2Fv2%2Fcomments&post=15423"}],"version-history":[{"count":1,"href":"https:\/\/www.anthealein.de\/index.php?rest_route=\/wp\/v2\/posts\/15423\/revisions"}],"predecessor-version":[{"id":15424,"href":"https:\/\/www.anthealein.de\/index.php?rest_route=\/wp\/v2\/posts\/15423\/revisions\/15424"}],"wp:attachment":[{"href":"https:\/\/www.anthealein.de\/index.php?rest_route=%2Fwp%2Fv2%2Fmedia&parent=15423"}],"wp:term":[{"taxonomy":"category","embeddable":true,"href":"https:\/\/www.anthealein.de\/index.php?rest_route=%2Fwp%2Fv2%2Fcategories&post=15423"},{"taxonomy":"post_tag","embeddable":true,"href":"https:\/\/www.anthealein.de\/index.php?rest_route=%2Fwp%2Fv2%2Ftags&post=15423"}],"curies":[{"name":"wp","href":"https:\/\/api.w.org\/{rel}","templated":true}]}}